{"id":33168,"date":"2020-02-16T09:21:56","date_gmt":"2020-02-16T08:21:56","guid":{"rendered":"https:\/\/www.juliankanz.com\/laura-und-mo-deutsch-arabische-hochzeit-in-der-toskana\/"},"modified":"2022-12-09T18:09:32","modified_gmt":"2022-12-09T17:09:32","slug":"laura-und-mo-deutsch-arabische-hochzeit-in-der-toskana","status":"publish","type":"post","link":"https:\/\/www.juliankanz.com\/de\/laura-und-mo-deutsch-arabische-hochzeit-in-der-toskana\/","title":{"rendered":"Laura und Mo &#8211; Deutsch-Arabische Hochzeit in der Toskana"},"content":{"rendered":"<p>Als Hochzeitsfotograf in der Toskana sehe ich viele wirklich sch\u00f6ne und emotionale Hochzeiten und die Hochzeit von Laura und Mo hat alles noch einmal \u00fcbertroffen. Viele Emotionen, eine wundersch\u00f6n romantische Trauung und Arabische Trommler aus Berlin &#8211; es war wirklich alles dabei, was eine gro\u00dfartige Hochzeit haben muss.<\/p>\n<p>Geheiratet haben die beiden im <a href=\"https:\/\/www.podereconti.com\/\" target=\"_blank\" rel=\"noopener noreferrer\">Agriturismo Podere Conti<\/a> was f\u00fcr mich als Hochzeitsfotografen in Ligurien und der Toskana nat\u00fcrlich sehr angenehm ist, da Podere Conti sich genau zwischen den beiden Regionen Ligurien und Toskana befindet, genauer gesagt in Filattiera, in der Provinz Massa-Carrara.<\/p>\n<p><img loading=\"lazy\" decoding=\"async\" class=\"alignleft size-full wp-image-27125\" src=\"https:\/\/www.juliankanz.com\/wp-content\/uploads\/2020\/02\/001-agriturismo-podere-conti-wedding.jpg\" alt=\"Agriturismo Podere Conti Wedding\" width=\"900\" height=\"600\" srcset=\"https:\/\/www.juliankanz.com\/wp-content\/uploads\/2020\/02\/001-agriturismo-podere-conti-wedding.jpg 900w, https:\/\/www.juliankanz.com\/wp-content\/uploads\/2020\/02\/001-agriturismo-podere-conti-wedding-300x200.jpg 300w, https:\/\/www.juliankanz.com\/wp-content\/uploads\/2020\/02\/001-agriturismo-podere-conti-wedding-768x512.jpg 768w, https:\/\/www.juliankanz.com\/wp-content\/uploads\/2020\/02\/001-agriturismo-podere-conti-wedding-30x20.jpg 30w, https:\/\/www.juliankanz.com\/wp-content\/uploads\/2020\/02\/001-agriturismo-podere-conti-wedding-116x77.jpg 116w, https:\/\/www.juliankanz.com\/wp-content\/uploads\/2020\/02\/001-agriturismo-podere-conti-wedding-150x100.jpg 150w\" sizes=\"auto, (max-width: 900px) 100vw, 900px\" \/><\/p>\n<p><img loading=\"lazy\" decoding=\"async\" class=\"alignleft size-full wp-image-27126\" src=\"https:\/\/www.juliankanz.com\/wp-content\/uploads\/2020\/02\/002-agriturismo-podere-conti-wedding.jpg\" alt=\"Agriturismo Podere Conti Wedding\" width=\"900\" height=\"600\" srcset=\"https:\/\/www.juliankanz.com\/wp-content\/uploads\/2020\/02\/002-agriturismo-podere-conti-wedding.jpg 900w, https:\/\/www.juliankanz.com\/wp-content\/uploads\/2020\/02\/002-agriturismo-podere-conti-wedding-300x200.jpg 300w, https:\/\/www.juliankanz.com\/wp-content\/uploads\/2020\/02\/002-agriturismo-podere-conti-wedding-768x512.jpg 768w, https:\/\/www.juliankanz.com\/wp-content\/uploads\/2020\/02\/002-agriturismo-podere-conti-wedding-30x20.jpg 30w, https:\/\/www.juliankanz.com\/wp-content\/uploads\/2020\/02\/002-agriturismo-podere-conti-wedding-116x77.jpg 116w, https:\/\/www.juliankanz.com\/wp-content\/uploads\/2020\/02\/002-agriturismo-podere-conti-wedding-150x100.jpg 150w\" sizes=\"auto, (max-width: 900px) 100vw, 900px\" \/><\/p>\n<p><img loading=\"lazy\" decoding=\"async\" class=\"alignleft size-full wp-image-27127\" src=\"https:\/\/www.juliankanz.com\/wp-content\/uploads\/2020\/02\/003-agriturismo-podere-conti-wedding.jpg\" alt=\"Agriturismo Podere Conti Wedding\" width=\"900\" height=\"600\" srcset=\"https:\/\/www.juliankanz.com\/wp-content\/uploads\/2020\/02\/003-agriturismo-podere-conti-wedding.jpg 900w, https:\/\/www.juliankanz.com\/wp-content\/uploads\/2020\/02\/003-agriturismo-podere-conti-wedding-300x200.jpg 300w, https:\/\/www.juliankanz.com\/wp-content\/uploads\/2020\/02\/003-agriturismo-podere-conti-wedding-768x512.jpg 768w, https:\/\/www.juliankanz.com\/wp-content\/uploads\/2020\/02\/003-agriturismo-podere-conti-wedding-30x20.jpg 30w, https:\/\/www.juliankanz.com\/wp-content\/uploads\/2020\/02\/003-agriturismo-podere-conti-wedding-116x77.jpg 116w, https:\/\/www.juliankanz.com\/wp-content\/uploads\/2020\/02\/003-agriturismo-podere-conti-wedding-150x100.jpg 150w\" sizes=\"auto, (max-width: 900px) 100vw, 900px\" \/><\/p>\n<p><img loading=\"lazy\" decoding=\"async\" class=\"alignleft size-full wp-image-27128\" src=\"https:\/\/www.juliankanz.com\/wp-content\/uploads\/2020\/02\/004-agriturismo-podere-conti-wedding.jpg\" alt=\"Agriturismo Podere Conti Wedding\" width=\"900\" height=\"600\" srcset=\"https:\/\/www.juliankanz.com\/wp-content\/uploads\/2020\/02\/004-agriturismo-podere-conti-wedding.jpg 900w, https:\/\/www.juliankanz.com\/wp-content\/uploads\/2020\/02\/004-agriturismo-podere-conti-wedding-300x200.jpg 300w, https:\/\/www.juliankanz.com\/wp-content\/uploads\/2020\/02\/004-agriturismo-podere-conti-wedding-768x512.jpg 768w, https:\/\/www.juliankanz.com\/wp-content\/uploads\/2020\/02\/004-agriturismo-podere-conti-wedding-30x20.jpg 30w, https:\/\/www.juliankanz.com\/wp-content\/uploads\/2020\/02\/004-agriturismo-podere-conti-wedding-116x77.jpg 116w, https:\/\/www.juliankanz.com\/wp-content\/uploads\/2020\/02\/004-agriturismo-podere-conti-wedding-150x100.jpg 150w\" sizes=\"auto, (max-width: 900px) 100vw, 900px\" \/><\/p>\n<p><img loading=\"lazy\" decoding=\"async\" class=\"alignleft size-full wp-image-27129\" src=\"https:\/\/www.juliankanz.com\/wp-content\/uploads\/2020\/02\/005-agriturismo-podere-conti-wedding.jpg\" alt=\"Agriturismo Podere Conti Wedding\" width=\"900\" height=\"600\" srcset=\"https:\/\/www.juliankanz.com\/wp-content\/uploads\/2020\/02\/005-agriturismo-podere-conti-wedding.jpg 900w, https:\/\/www.juliankanz.com\/wp-content\/uploads\/2020\/02\/005-agriturismo-podere-conti-wedding-300x200.jpg 300w, https:\/\/www.juliankanz.com\/wp-content\/uploads\/2020\/02\/005-agriturismo-podere-conti-wedding-768x512.jpg 768w, https:\/\/www.juliankanz.com\/wp-content\/uploads\/2020\/02\/005-agriturismo-podere-conti-wedding-30x20.jpg 30w, https:\/\/www.juliankanz.com\/wp-content\/uploads\/2020\/02\/005-agriturismo-podere-conti-wedding-116x77.jpg 116w, https:\/\/www.juliankanz.com\/wp-content\/uploads\/2020\/02\/005-agriturismo-podere-conti-wedding-150x100.jpg 150w\" sizes=\"auto, (max-width: 900px) 100vw, 900px\" \/><\/p>\n<p><img loading=\"lazy\" decoding=\"async\" class=\"alignleft size-full wp-image-27130\" src=\"https:\/\/www.juliankanz.com\/wp-content\/uploads\/2020\/02\/006-agriturismo-podere-conti-wedding.jpg\" alt=\"Agriturismo Podere Conti Wedding\" width=\"900\" height=\"600\" srcset=\"https:\/\/www.juliankanz.com\/wp-content\/uploads\/2020\/02\/006-agriturismo-podere-conti-wedding.jpg 900w, https:\/\/www.juliankanz.com\/wp-content\/uploads\/2020\/02\/006-agriturismo-podere-conti-wedding-300x200.jpg 300w, https:\/\/www.juliankanz.com\/wp-content\/uploads\/2020\/02\/006-agriturismo-podere-conti-wedding-768x512.jpg 768w, https:\/\/www.juliankanz.com\/wp-content\/uploads\/2020\/02\/006-agriturismo-podere-conti-wedding-30x20.jpg 30w, https:\/\/www.juliankanz.com\/wp-content\/uploads\/2020\/02\/006-agriturismo-podere-conti-wedding-116x77.jpg 116w, https:\/\/www.juliankanz.com\/wp-content\/uploads\/2020\/02\/006-agriturismo-podere-conti-wedding-150x100.jpg 150w\" sizes=\"auto, (max-width: 900px) 100vw, 900px\" \/><\/p>\n<p><img loading=\"lazy\" decoding=\"async\" class=\"alignleft size-full wp-image-27131\" src=\"https:\/\/www.juliankanz.com\/wp-content\/uploads\/2020\/02\/007-agriturismo-podere-conti-wedding.jpg\" alt=\"Agriturismo Podere Conti Wedding\" width=\"900\" height=\"600\" srcset=\"https:\/\/www.juliankanz.com\/wp-content\/uploads\/2020\/02\/007-agriturismo-podere-conti-wedding.jpg 900w, https:\/\/www.juliankanz.com\/wp-content\/uploads\/2020\/02\/007-agriturismo-podere-conti-wedding-300x200.jpg 300w, https:\/\/www.juliankanz.com\/wp-content\/uploads\/2020\/02\/007-agriturismo-podere-conti-wedding-768x512.jpg 768w, https:\/\/www.juliankanz.com\/wp-content\/uploads\/2020\/02\/007-agriturismo-podere-conti-wedding-30x20.jpg 30w, https:\/\/www.juliankanz.com\/wp-content\/uploads\/2020\/02\/007-agriturismo-podere-conti-wedding-116x77.jpg 116w, https:\/\/www.juliankanz.com\/wp-content\/uploads\/2020\/02\/007-agriturismo-podere-conti-wedding-150x100.jpg 150w\" sizes=\"auto, (max-width: 900px) 100vw, 900px\" \/><\/p>\n<p><img loading=\"lazy\" decoding=\"async\" class=\"alignleft size-full wp-image-27132\" src=\"https:\/\/www.juliankanz.com\/wp-content\/uploads\/2020\/02\/008-agriturismo-podere-conti-wedding.jpg\" alt=\"Agriturismo Podere Conti Wedding\" width=\"900\" height=\"600\" srcset=\"https:\/\/www.juliankanz.com\/wp-content\/uploads\/2020\/02\/008-agriturismo-podere-conti-wedding.jpg 900w, https:\/\/www.juliankanz.com\/wp-content\/uploads\/2020\/02\/008-agriturismo-podere-conti-wedding-300x200.jpg 300w, https:\/\/www.juliankanz.com\/wp-content\/uploads\/2020\/02\/008-agriturismo-podere-conti-wedding-768x512.jpg 768w, https:\/\/www.juliankanz.com\/wp-content\/uploads\/2020\/02\/008-agriturismo-podere-conti-wedding-30x20.jpg 30w, https:\/\/www.juliankanz.com\/wp-content\/uploads\/2020\/02\/008-agriturismo-podere-conti-wedding-116x77.jpg 116w, https:\/\/www.juliankanz.com\/wp-content\/uploads\/2020\/02\/008-agriturismo-podere-conti-wedding-150x100.jpg 150w\" sizes=\"auto, (max-width: 900px) 100vw, 900px\" \/><\/p>\n<p><img loading=\"lazy\" decoding=\"async\" class=\"alignleft size-full wp-image-27134\" src=\"https:\/\/www.juliankanz.com\/wp-content\/uploads\/2020\/02\/010-agriturismo-podere-conti-wedding.jpg\" alt=\"Agriturismo Podere Conti Wedding\" width=\"900\" height=\"600\" srcset=\"https:\/\/www.juliankanz.com\/wp-content\/uploads\/2020\/02\/010-agriturismo-podere-conti-wedding.jpg 900w, https:\/\/www.juliankanz.com\/wp-content\/uploads\/2020\/02\/010-agriturismo-podere-conti-wedding-300x200.jpg 300w, https:\/\/www.juliankanz.com\/wp-content\/uploads\/2020\/02\/010-agriturismo-podere-conti-wedding-768x512.jpg 768w, https:\/\/www.juliankanz.com\/wp-content\/uploads\/2020\/02\/010-agriturismo-podere-conti-wedding-30x20.jpg 30w, https:\/\/www.juliankanz.com\/wp-content\/uploads\/2020\/02\/010-agriturismo-podere-conti-wedding-116x77.jpg 116w, https:\/\/www.juliankanz.com\/wp-content\/uploads\/2020\/02\/010-agriturismo-podere-conti-wedding-150x100.jpg 150w\" sizes=\"auto, (max-width: 900px) 100vw, 900px\" \/><\/p>\n<p><img loading=\"lazy\" decoding=\"async\" class=\"alignleft size-full wp-image-27135\" src=\"https:\/\/www.juliankanz.com\/wp-content\/uploads\/2020\/02\/011-hochzeit-podere-conti-toskana.jpg\" alt=\"Hochzeit Podere Conti Toskana\" width=\"900\" height=\"600\" srcset=\"https:\/\/www.juliankanz.com\/wp-content\/uploads\/2020\/02\/011-hochzeit-podere-conti-toskana.jpg 900w, https:\/\/www.juliankanz.com\/wp-content\/uploads\/2020\/02\/011-hochzeit-podere-conti-toskana-300x200.jpg 300w, https:\/\/www.juliankanz.com\/wp-content\/uploads\/2020\/02\/011-hochzeit-podere-conti-toskana-768x512.jpg 768w, https:\/\/www.juliankanz.com\/wp-content\/uploads\/2020\/02\/011-hochzeit-podere-conti-toskana-30x20.jpg 30w, https:\/\/www.juliankanz.com\/wp-content\/uploads\/2020\/02\/011-hochzeit-podere-conti-toskana-116x77.jpg 116w, https:\/\/www.juliankanz.com\/wp-content\/uploads\/2020\/02\/011-hochzeit-podere-conti-toskana-150x100.jpg 150w\" sizes=\"auto, (max-width: 900px) 100vw, 900px\" \/><\/p>\n<p><img loading=\"lazy\" decoding=\"async\" class=\"alignleft size-full wp-image-27138\" src=\"https:\/\/www.juliankanz.com\/wp-content\/uploads\/2020\/02\/014-hochzeit-podere-conti-toskana.jpg\" alt=\"Hochzeit Podere Conti Toskana\" width=\"900\" height=\"600\" srcset=\"https:\/\/www.juliankanz.com\/wp-content\/uploads\/2020\/02\/014-hochzeit-podere-conti-toskana.jpg 900w, https:\/\/www.juliankanz.com\/wp-content\/uploads\/2020\/02\/014-hochzeit-podere-conti-toskana-300x200.jpg 300w, https:\/\/www.juliankanz.com\/wp-content\/uploads\/2020\/02\/014-hochzeit-podere-conti-toskana-768x512.jpg 768w, https:\/\/www.juliankanz.com\/wp-content\/uploads\/2020\/02\/014-hochzeit-podere-conti-toskana-30x20.jpg 30w, https:\/\/www.juliankanz.com\/wp-content\/uploads\/2020\/02\/014-hochzeit-podere-conti-toskana-116x77.jpg 116w, https:\/\/www.juliankanz.com\/wp-content\/uploads\/2020\/02\/014-hochzeit-podere-conti-toskana-150x100.jpg 150w\" sizes=\"auto, (max-width: 900px) 100vw, 900px\" \/><\/p>\n<p><img loading=\"lazy\" decoding=\"async\" class=\"alignleft size-full wp-image-27139\" src=\"https:\/\/www.juliankanz.com\/wp-content\/uploads\/2020\/02\/015-hochzeit-podere-conti-toskana.jpg\" alt=\"Hochzeit Podere Conti Toskana\" width=\"900\" height=\"600\" srcset=\"https:\/\/www.juliankanz.com\/wp-content\/uploads\/2020\/02\/015-hochzeit-podere-conti-toskana.jpg 900w, https:\/\/www.juliankanz.com\/wp-content\/uploads\/2020\/02\/015-hochzeit-podere-conti-toskana-300x200.jpg 300w, https:\/\/www.juliankanz.com\/wp-content\/uploads\/2020\/02\/015-hochzeit-podere-conti-toskana-768x512.jpg 768w, https:\/\/www.juliankanz.com\/wp-content\/uploads\/2020\/02\/015-hochzeit-podere-conti-toskana-30x20.jpg 30w, https:\/\/www.juliankanz.com\/wp-content\/uploads\/2020\/02\/015-hochzeit-podere-conti-toskana-116x77.jpg 116w, https:\/\/www.juliankanz.com\/wp-content\/uploads\/2020\/02\/015-hochzeit-podere-conti-toskana-150x100.jpg 150w\" sizes=\"auto, (max-width: 900px) 100vw, 900px\" \/><\/p>\n<p><img loading=\"lazy\" decoding=\"async\" class=\"alignleft size-full wp-image-27142\" src=\"https:\/\/www.juliankanz.com\/wp-content\/uploads\/2020\/02\/018-hochzeit-podere-conti-toskana.jpg\" alt=\"Hochzeit Podere Conti Toskana\" width=\"900\" height=\"600\" srcset=\"https:\/\/www.juliankanz.com\/wp-content\/uploads\/2020\/02\/018-hochzeit-podere-conti-toskana.jpg 900w, https:\/\/www.juliankanz.com\/wp-content\/uploads\/2020\/02\/018-hochzeit-podere-conti-toskana-300x200.jpg 300w, https:\/\/www.juliankanz.com\/wp-content\/uploads\/2020\/02\/018-hochzeit-podere-conti-toskana-768x512.jpg 768w, https:\/\/www.juliankanz.com\/wp-content\/uploads\/2020\/02\/018-hochzeit-podere-conti-toskana-30x20.jpg 30w, https:\/\/www.juliankanz.com\/wp-content\/uploads\/2020\/02\/018-hochzeit-podere-conti-toskana-116x77.jpg 116w, https:\/\/www.juliankanz.com\/wp-content\/uploads\/2020\/02\/018-hochzeit-podere-conti-toskana-150x100.jpg 150w\" sizes=\"auto, (max-width: 900px) 100vw, 900px\" \/><\/p>\n<p><img loading=\"lazy\" decoding=\"async\" class=\"alignleft size-full wp-image-27143\" src=\"https:\/\/www.juliankanz.com\/wp-content\/uploads\/2020\/02\/019-hochzeit-podere-conti-toskana.jpg\" alt=\"Hochzeit Podere Conti Toskana\" width=\"900\" height=\"600\" srcset=\"https:\/\/www.juliankanz.com\/wp-content\/uploads\/2020\/02\/019-hochzeit-podere-conti-toskana.jpg 900w, https:\/\/www.juliankanz.com\/wp-content\/uploads\/2020\/02\/019-hochzeit-podere-conti-toskana-300x200.jpg 300w, https:\/\/www.juliankanz.com\/wp-content\/uploads\/2020\/02\/019-hochzeit-podere-conti-toskana-768x512.jpg 768w, https:\/\/www.juliankanz.com\/wp-content\/uploads\/2020\/02\/019-hochzeit-podere-conti-toskana-30x20.jpg 30w, https:\/\/www.juliankanz.com\/wp-content\/uploads\/2020\/02\/019-hochzeit-podere-conti-toskana-116x77.jpg 116w, https:\/\/www.juliankanz.com\/wp-content\/uploads\/2020\/02\/019-hochzeit-podere-conti-toskana-150x100.jpg 150w\" sizes=\"auto, (max-width: 900px) 100vw, 900px\" \/><\/p>\n<p><img loading=\"lazy\" decoding=\"async\" class=\"alignleft size-full wp-image-27144\" src=\"https:\/\/www.juliankanz.com\/wp-content\/uploads\/2020\/02\/020-hochzeit-podere-conti-toskana.jpg\" alt=\"Hochzeit Podere Conti Toskana\" width=\"900\" height=\"600\" srcset=\"https:\/\/www.juliankanz.com\/wp-content\/uploads\/2020\/02\/020-hochzeit-podere-conti-toskana.jpg 900w, https:\/\/www.juliankanz.com\/wp-content\/uploads\/2020\/02\/020-hochzeit-podere-conti-toskana-300x200.jpg 300w, https:\/\/www.juliankanz.com\/wp-content\/uploads\/2020\/02\/020-hochzeit-podere-conti-toskana-768x512.jpg 768w, https:\/\/www.juliankanz.com\/wp-content\/uploads\/2020\/02\/020-hochzeit-podere-conti-toskana-30x20.jpg 30w, https:\/\/www.juliankanz.com\/wp-content\/uploads\/2020\/02\/020-hochzeit-podere-conti-toskana-116x77.jpg 116w, https:\/\/www.juliankanz.com\/wp-content\/uploads\/2020\/02\/020-hochzeit-podere-conti-toskana-150x100.jpg 150w\" sizes=\"auto, (max-width: 900px) 100vw, 900px\" \/><\/p>\n<p><img loading=\"lazy\" decoding=\"async\" class=\"alignleft size-full wp-image-27145\" src=\"https:\/\/www.juliankanz.com\/wp-content\/uploads\/2020\/02\/021-hochzeitsfotograf-toskana.jpg\" alt=\"Hochzeitsfotograf Toskana\" width=\"900\" height=\"600\" srcset=\"https:\/\/www.juliankanz.com\/wp-content\/uploads\/2020\/02\/021-hochzeitsfotograf-toskana.jpg 900w, https:\/\/www.juliankanz.com\/wp-content\/uploads\/2020\/02\/021-hochzeitsfotograf-toskana-300x200.jpg 300w, https:\/\/www.juliankanz.com\/wp-content\/uploads\/2020\/02\/021-hochzeitsfotograf-toskana-768x512.jpg 768w, https:\/\/www.juliankanz.com\/wp-content\/uploads\/2020\/02\/021-hochzeitsfotograf-toskana-30x20.jpg 30w, https:\/\/www.juliankanz.com\/wp-content\/uploads\/2020\/02\/021-hochzeitsfotograf-toskana-116x77.jpg 116w, https:\/\/www.juliankanz.com\/wp-content\/uploads\/2020\/02\/021-hochzeitsfotograf-toskana-150x100.jpg 150w\" sizes=\"auto, (max-width: 900px) 100vw, 900px\" \/><\/p>\n<p><img loading=\"lazy\" decoding=\"async\" class=\"alignleft size-full wp-image-27147\" src=\"https:\/\/www.juliankanz.com\/wp-content\/uploads\/2020\/02\/023-hochzeitsfotograf-toskana.jpg\" alt=\"Hochzeitsfotograf Toskana\" width=\"900\" height=\"600\" srcset=\"https:\/\/www.juliankanz.com\/wp-content\/uploads\/2020\/02\/023-hochzeitsfotograf-toskana.jpg 900w, https:\/\/www.juliankanz.com\/wp-content\/uploads\/2020\/02\/023-hochzeitsfotograf-toskana-300x200.jpg 300w, https:\/\/www.juliankanz.com\/wp-content\/uploads\/2020\/02\/023-hochzeitsfotograf-toskana-768x512.jpg 768w, https:\/\/www.juliankanz.com\/wp-content\/uploads\/2020\/02\/023-hochzeitsfotograf-toskana-30x20.jpg 30w, https:\/\/www.juliankanz.com\/wp-content\/uploads\/2020\/02\/023-hochzeitsfotograf-toskana-116x77.jpg 116w, https:\/\/www.juliankanz.com\/wp-content\/uploads\/2020\/02\/023-hochzeitsfotograf-toskana-150x100.jpg 150w\" sizes=\"auto, (max-width: 900px) 100vw, 900px\" \/><\/p>\n<p><img loading=\"lazy\" decoding=\"async\" class=\"alignleft size-full wp-image-27148\" src=\"https:\/\/www.juliankanz.com\/wp-content\/uploads\/2020\/02\/024-hochzeitsfotograf-toskana.jpg\" alt=\"Hochzeitsfotograf Toskana\" width=\"900\" height=\"600\" srcset=\"https:\/\/www.juliankanz.com\/wp-content\/uploads\/2020\/02\/024-hochzeitsfotograf-toskana.jpg 900w, https:\/\/www.juliankanz.com\/wp-content\/uploads\/2020\/02\/024-hochzeitsfotograf-toskana-300x200.jpg 300w, https:\/\/www.juliankanz.com\/wp-content\/uploads\/2020\/02\/024-hochzeitsfotograf-toskana-768x512.jpg 768w, https:\/\/www.juliankanz.com\/wp-content\/uploads\/2020\/02\/024-hochzeitsfotograf-toskana-30x20.jpg 30w, https:\/\/www.juliankanz.com\/wp-content\/uploads\/2020\/02\/024-hochzeitsfotograf-toskana-116x77.jpg 116w, https:\/\/www.juliankanz.com\/wp-content\/uploads\/2020\/02\/024-hochzeitsfotograf-toskana-150x100.jpg 150w\" sizes=\"auto, (max-width: 900px) 100vw, 900px\" \/><\/p>\n<p><img loading=\"lazy\" decoding=\"async\" class=\"alignleft size-full wp-image-27149\" src=\"https:\/\/www.juliankanz.com\/wp-content\/uploads\/2020\/02\/025-hochzeitsfotograf-toskana.jpg\" alt=\"Hochzeitsfotograf Toskana\" width=\"900\" height=\"600\" srcset=\"https:\/\/www.juliankanz.com\/wp-content\/uploads\/2020\/02\/025-hochzeitsfotograf-toskana.jpg 900w, https:\/\/www.juliankanz.com\/wp-content\/uploads\/2020\/02\/025-hochzeitsfotograf-toskana-300x200.jpg 300w, https:\/\/www.juliankanz.com\/wp-content\/uploads\/2020\/02\/025-hochzeitsfotograf-toskana-768x512.jpg 768w, https:\/\/www.juliankanz.com\/wp-content\/uploads\/2020\/02\/025-hochzeitsfotograf-toskana-30x20.jpg 30w, https:\/\/www.juliankanz.com\/wp-content\/uploads\/2020\/02\/025-hochzeitsfotograf-toskana-116x77.jpg 116w, https:\/\/www.juliankanz.com\/wp-content\/uploads\/2020\/02\/025-hochzeitsfotograf-toskana-150x100.jpg 150w\" sizes=\"auto, (max-width: 900px) 100vw, 900px\" \/><\/p>\n<p><img loading=\"lazy\" decoding=\"async\" class=\"alignleft size-full wp-image-27151\" src=\"https:\/\/www.juliankanz.com\/wp-content\/uploads\/2020\/02\/027-hochzeitsfotograf-toskana.jpg\" alt=\"Hochzeitsfotograf Toskana\" width=\"900\" height=\"600\" srcset=\"https:\/\/www.juliankanz.com\/wp-content\/uploads\/2020\/02\/027-hochzeitsfotograf-toskana.jpg 900w, https:\/\/www.juliankanz.com\/wp-content\/uploads\/2020\/02\/027-hochzeitsfotograf-toskana-300x200.jpg 300w, https:\/\/www.juliankanz.com\/wp-content\/uploads\/2020\/02\/027-hochzeitsfotograf-toskana-768x512.jpg 768w, https:\/\/www.juliankanz.com\/wp-content\/uploads\/2020\/02\/027-hochzeitsfotograf-toskana-30x20.jpg 30w, https:\/\/www.juliankanz.com\/wp-content\/uploads\/2020\/02\/027-hochzeitsfotograf-toskana-116x77.jpg 116w, https:\/\/www.juliankanz.com\/wp-content\/uploads\/2020\/02\/027-hochzeitsfotograf-toskana-150x100.jpg 150w\" sizes=\"auto, (max-width: 900px) 100vw, 900px\" \/><\/p>\n<p><img loading=\"lazy\" decoding=\"async\" class=\"alignleft size-full wp-image-27153\" src=\"https:\/\/www.juliankanz.com\/wp-content\/uploads\/2020\/02\/029-hochzeitsfotograf-toskana.jpg\" alt=\"Hochzeitsfotograf Toskana\" width=\"900\" height=\"600\" srcset=\"https:\/\/www.juliankanz.com\/wp-content\/uploads\/2020\/02\/029-hochzeitsfotograf-toskana.jpg 900w, https:\/\/www.juliankanz.com\/wp-content\/uploads\/2020\/02\/029-hochzeitsfotograf-toskana-300x200.jpg 300w, https:\/\/www.juliankanz.com\/wp-content\/uploads\/2020\/02\/029-hochzeitsfotograf-toskana-768x512.jpg 768w, https:\/\/www.juliankanz.com\/wp-content\/uploads\/2020\/02\/029-hochzeitsfotograf-toskana-30x20.jpg 30w, https:\/\/www.juliankanz.com\/wp-content\/uploads\/2020\/02\/029-hochzeitsfotograf-toskana-116x77.jpg 116w, https:\/\/www.juliankanz.com\/wp-content\/uploads\/2020\/02\/029-hochzeitsfotograf-toskana-150x100.jpg 150w\" sizes=\"auto, (max-width: 900px) 100vw, 900px\" \/><\/p>\n<p><img loading=\"lazy\" decoding=\"async\" class=\"alignleft size-full wp-image-27154\" src=\"https:\/\/www.juliankanz.com\/wp-content\/uploads\/2020\/02\/030-hochzeitsfotograf-toskana.jpg\" alt=\"Hochzeitsfotograf Toskana\" width=\"900\" height=\"600\" srcset=\"https:\/\/www.juliankanz.com\/wp-content\/uploads\/2020\/02\/030-hochzeitsfotograf-toskana.jpg 900w, https:\/\/www.juliankanz.com\/wp-content\/uploads\/2020\/02\/030-hochzeitsfotograf-toskana-300x200.jpg 300w, https:\/\/www.juliankanz.com\/wp-content\/uploads\/2020\/02\/030-hochzeitsfotograf-toskana-768x512.jpg 768w, https:\/\/www.juliankanz.com\/wp-content\/uploads\/2020\/02\/030-hochzeitsfotograf-toskana-30x20.jpg 30w, https:\/\/www.juliankanz.com\/wp-content\/uploads\/2020\/02\/030-hochzeitsfotograf-toskana-116x77.jpg 116w, https:\/\/www.juliankanz.com\/wp-content\/uploads\/2020\/02\/030-hochzeitsfotograf-toskana-150x100.jpg 150w\" sizes=\"auto, (max-width: 900px) 100vw, 900px\" \/><\/p>\n<p><img loading=\"lazy\" decoding=\"async\" class=\"alignleft size-full wp-image-27155\" src=\"https:\/\/www.juliankanz.com\/wp-content\/uploads\/2020\/02\/031-deutsch-arabische-hochzeit-in-italien.jpg\" alt=\"Deutsch-Arabische Hochzeit in Italien\" width=\"900\" height=\"600\" srcset=\"https:\/\/www.juliankanz.com\/wp-content\/uploads\/2020\/02\/031-deutsch-arabische-hochzeit-in-italien.jpg 900w, https:\/\/www.juliankanz.com\/wp-content\/uploads\/2020\/02\/031-deutsch-arabische-hochzeit-in-italien-300x200.jpg 300w, https:\/\/www.juliankanz.com\/wp-content\/uploads\/2020\/02\/031-deutsch-arabische-hochzeit-in-italien-768x512.jpg 768w, https:\/\/www.juliankanz.com\/wp-content\/uploads\/2020\/02\/031-deutsch-arabische-hochzeit-in-italien-30x20.jpg 30w, https:\/\/www.juliankanz.com\/wp-content\/uploads\/2020\/02\/031-deutsch-arabische-hochzeit-in-italien-116x77.jpg 116w, https:\/\/www.juliankanz.com\/wp-content\/uploads\/2020\/02\/031-deutsch-arabische-hochzeit-in-italien-150x100.jpg 150w\" sizes=\"auto, (max-width: 900px) 100vw, 900px\" \/><\/p>\n<p><img loading=\"lazy\" decoding=\"async\" class=\"alignleft size-full wp-image-27156\" src=\"https:\/\/www.juliankanz.com\/wp-content\/uploads\/2020\/02\/032-deutsch-arabische-hochzeit-in-italien.jpg\" alt=\"Deutsch-Arabische Hochzeit in Italien\" width=\"900\" height=\"600\" srcset=\"https:\/\/www.juliankanz.com\/wp-content\/uploads\/2020\/02\/032-deutsch-arabische-hochzeit-in-italien.jpg 900w, https:\/\/www.juliankanz.com\/wp-content\/uploads\/2020\/02\/032-deutsch-arabische-hochzeit-in-italien-300x200.jpg 300w, https:\/\/www.juliankanz.com\/wp-content\/uploads\/2020\/02\/032-deutsch-arabische-hochzeit-in-italien-768x512.jpg 768w, https:\/\/www.juliankanz.com\/wp-content\/uploads\/2020\/02\/032-deutsch-arabische-hochzeit-in-italien-30x20.jpg 30w, https:\/\/www.juliankanz.com\/wp-content\/uploads\/2020\/02\/032-deutsch-arabische-hochzeit-in-italien-116x77.jpg 116w, https:\/\/www.juliankanz.com\/wp-content\/uploads\/2020\/02\/032-deutsch-arabische-hochzeit-in-italien-150x100.jpg 150w\" sizes=\"auto, (max-width: 900px) 100vw, 900px\" \/><\/p>\n<p><img loading=\"lazy\" decoding=\"async\" class=\"alignleft size-full wp-image-27157\" src=\"https:\/\/www.juliankanz.com\/wp-content\/uploads\/2020\/02\/033-deutsch-arabische-hochzeit-in-italien.jpg\" alt=\"Deutsch-Arabische Hochzeit in Italien\" width=\"900\" height=\"600\" srcset=\"https:\/\/www.juliankanz.com\/wp-content\/uploads\/2020\/02\/033-deutsch-arabische-hochzeit-in-italien.jpg 900w, https:\/\/www.juliankanz.com\/wp-content\/uploads\/2020\/02\/033-deutsch-arabische-hochzeit-in-italien-300x200.jpg 300w, https:\/\/www.juliankanz.com\/wp-content\/uploads\/2020\/02\/033-deutsch-arabische-hochzeit-in-italien-768x512.jpg 768w, https:\/\/www.juliankanz.com\/wp-content\/uploads\/2020\/02\/033-deutsch-arabische-hochzeit-in-italien-30x20.jpg 30w, https:\/\/www.juliankanz.com\/wp-content\/uploads\/2020\/02\/033-deutsch-arabische-hochzeit-in-italien-116x77.jpg 116w, https:\/\/www.juliankanz.com\/wp-content\/uploads\/2020\/02\/033-deutsch-arabische-hochzeit-in-italien-150x100.jpg 150w\" sizes=\"auto, (max-width: 900px) 100vw, 900px\" \/><\/p>\n<p><img loading=\"lazy\" decoding=\"async\" class=\"alignleft size-full wp-image-27158\" src=\"https:\/\/www.juliankanz.com\/wp-content\/uploads\/2020\/02\/034-deutsch-arabische-hochzeit-in-italien.jpg\" alt=\"Deutsch-Arabische Hochzeit in Italien\" width=\"900\" height=\"600\" srcset=\"https:\/\/www.juliankanz.com\/wp-content\/uploads\/2020\/02\/034-deutsch-arabische-hochzeit-in-italien.jpg 900w, https:\/\/www.juliankanz.com\/wp-content\/uploads\/2020\/02\/034-deutsch-arabische-hochzeit-in-italien-300x200.jpg 300w, https:\/\/www.juliankanz.com\/wp-content\/uploads\/2020\/02\/034-deutsch-arabische-hochzeit-in-italien-768x512.jpg 768w, https:\/\/www.juliankanz.com\/wp-content\/uploads\/2020\/02\/034-deutsch-arabische-hochzeit-in-italien-30x20.jpg 30w, https:\/\/www.juliankanz.com\/wp-content\/uploads\/2020\/02\/034-deutsch-arabische-hochzeit-in-italien-116x77.jpg 116w, https:\/\/www.juliankanz.com\/wp-content\/uploads\/2020\/02\/034-deutsch-arabische-hochzeit-in-italien-150x100.jpg 150w\" sizes=\"auto, (max-width: 900px) 100vw, 900px\" \/><\/p>\n<p><img loading=\"lazy\" decoding=\"async\" class=\"alignleft size-full wp-image-27160\" src=\"https:\/\/www.juliankanz.com\/wp-content\/uploads\/2020\/02\/036-deutsch-arabische-hochzeit-in-italien.jpg\" alt=\"Deutsch-Arabische Hochzeit in Italien\" width=\"900\" height=\"600\" srcset=\"https:\/\/www.juliankanz.com\/wp-content\/uploads\/2020\/02\/036-deutsch-arabische-hochzeit-in-italien.jpg 900w, https:\/\/www.juliankanz.com\/wp-content\/uploads\/2020\/02\/036-deutsch-arabische-hochzeit-in-italien-300x200.jpg 300w, https:\/\/www.juliankanz.com\/wp-content\/uploads\/2020\/02\/036-deutsch-arabische-hochzeit-in-italien-768x512.jpg 768w, https:\/\/www.juliankanz.com\/wp-content\/uploads\/2020\/02\/036-deutsch-arabische-hochzeit-in-italien-30x20.jpg 30w, https:\/\/www.juliankanz.com\/wp-content\/uploads\/2020\/02\/036-deutsch-arabische-hochzeit-in-italien-116x77.jpg 116w, https:\/\/www.juliankanz.com\/wp-content\/uploads\/2020\/02\/036-deutsch-arabische-hochzeit-in-italien-150x100.jpg 150w\" sizes=\"auto, (max-width: 900px) 100vw, 900px\" \/><\/p>\n<p><img loading=\"lazy\" decoding=\"async\" class=\"alignleft size-full wp-image-27161\" src=\"https:\/\/www.juliankanz.com\/wp-content\/uploads\/2020\/02\/037-deutsch-arabische-hochzeit-in-italien.jpg\" alt=\"Deutsch-Arabische Hochzeit in Italien\" width=\"900\" height=\"600\" srcset=\"https:\/\/www.juliankanz.com\/wp-content\/uploads\/2020\/02\/037-deutsch-arabische-hochzeit-in-italien.jpg 900w, https:\/\/www.juliankanz.com\/wp-content\/uploads\/2020\/02\/037-deutsch-arabische-hochzeit-in-italien-300x200.jpg 300w, https:\/\/www.juliankanz.com\/wp-content\/uploads\/2020\/02\/037-deutsch-arabische-hochzeit-in-italien-768x512.jpg 768w, https:\/\/www.juliankanz.com\/wp-content\/uploads\/2020\/02\/037-deutsch-arabische-hochzeit-in-italien-30x20.jpg 30w, https:\/\/www.juliankanz.com\/wp-content\/uploads\/2020\/02\/037-deutsch-arabische-hochzeit-in-italien-116x77.jpg 116w, https:\/\/www.juliankanz.com\/wp-content\/uploads\/2020\/02\/037-deutsch-arabische-hochzeit-in-italien-150x100.jpg 150w\" sizes=\"auto, (max-width: 900px) 100vw, 900px\" \/><\/p>\n<p><img loading=\"lazy\" decoding=\"async\" class=\"alignleft size-full wp-image-27162\" src=\"https:\/\/www.juliankanz.com\/wp-content\/uploads\/2020\/02\/038-deutsch-arabische-hochzeit-in-italien.jpg\" alt=\"Deutsch-Arabische Hochzeit in Italien\" width=\"900\" height=\"600\" srcset=\"https:\/\/www.juliankanz.com\/wp-content\/uploads\/2020\/02\/038-deutsch-arabische-hochzeit-in-italien.jpg 900w, https:\/\/www.juliankanz.com\/wp-content\/uploads\/2020\/02\/038-deutsch-arabische-hochzeit-in-italien-300x200.jpg 300w, https:\/\/www.juliankanz.com\/wp-content\/uploads\/2020\/02\/038-deutsch-arabische-hochzeit-in-italien-768x512.jpg 768w, https:\/\/www.juliankanz.com\/wp-content\/uploads\/2020\/02\/038-deutsch-arabische-hochzeit-in-italien-30x20.jpg 30w, https:\/\/www.juliankanz.com\/wp-content\/uploads\/2020\/02\/038-deutsch-arabische-hochzeit-in-italien-116x77.jpg 116w, https:\/\/www.juliankanz.com\/wp-content\/uploads\/2020\/02\/038-deutsch-arabische-hochzeit-in-italien-150x100.jpg 150w\" sizes=\"auto, (max-width: 900px) 100vw, 900px\" \/><\/p>\n<p><img loading=\"lazy\" decoding=\"async\" class=\"alignleft size-full wp-image-27163\" src=\"https:\/\/www.juliankanz.com\/wp-content\/uploads\/2020\/02\/039-deutsch-arabische-hochzeit-in-italien.jpg\" alt=\"Deutsch-Arabische Hochzeit in Italien\" width=\"900\" height=\"600\" srcset=\"https:\/\/www.juliankanz.com\/wp-content\/uploads\/2020\/02\/039-deutsch-arabische-hochzeit-in-italien.jpg 900w, https:\/\/www.juliankanz.com\/wp-content\/uploads\/2020\/02\/039-deutsch-arabische-hochzeit-in-italien-300x200.jpg 300w, https:\/\/www.juliankanz.com\/wp-content\/uploads\/2020\/02\/039-deutsch-arabische-hochzeit-in-italien-768x512.jpg 768w, https:\/\/www.juliankanz.com\/wp-content\/uploads\/2020\/02\/039-deutsch-arabische-hochzeit-in-italien-30x20.jpg 30w, https:\/\/www.juliankanz.com\/wp-content\/uploads\/2020\/02\/039-deutsch-arabische-hochzeit-in-italien-116x77.jpg 116w, https:\/\/www.juliankanz.com\/wp-content\/uploads\/2020\/02\/039-deutsch-arabische-hochzeit-in-italien-150x100.jpg 150w\" sizes=\"auto, (max-width: 900px) 100vw, 900px\" \/><\/p>\n<p><img loading=\"lazy\" decoding=\"async\" class=\"alignleft size-full wp-image-27165\" src=\"https:\/\/www.juliankanz.com\/wp-content\/uploads\/2020\/02\/041-arab-wedding-in-tuscany-italy.jpg\" alt=\"Arab Wedding in Tuscany Italy\" width=\"900\" height=\"600\" srcset=\"https:\/\/www.juliankanz.com\/wp-content\/uploads\/2020\/02\/041-arab-wedding-in-tuscany-italy.jpg 900w, https:\/\/www.juliankanz.com\/wp-content\/uploads\/2020\/02\/041-arab-wedding-in-tuscany-italy-300x200.jpg 300w, https:\/\/www.juliankanz.com\/wp-content\/uploads\/2020\/02\/041-arab-wedding-in-tuscany-italy-768x512.jpg 768w, https:\/\/www.juliankanz.com\/wp-content\/uploads\/2020\/02\/041-arab-wedding-in-tuscany-italy-30x20.jpg 30w, https:\/\/www.juliankanz.com\/wp-content\/uploads\/2020\/02\/041-arab-wedding-in-tuscany-italy-116x77.jpg 116w, https:\/\/www.juliankanz.com\/wp-content\/uploads\/2020\/02\/041-arab-wedding-in-tuscany-italy-150x100.jpg 150w\" sizes=\"auto, (max-width: 900px) 100vw, 900px\" \/><\/p>\n<p><img loading=\"lazy\" decoding=\"async\" class=\"alignleft size-full wp-image-27166\" src=\"https:\/\/www.juliankanz.com\/wp-content\/uploads\/2020\/02\/042-arab-wedding-in-tuscany-italy.jpg\" alt=\"Arab Wedding in Tuscany Italy\" width=\"900\" height=\"600\" srcset=\"https:\/\/www.juliankanz.com\/wp-content\/uploads\/2020\/02\/042-arab-wedding-in-tuscany-italy.jpg 900w, https:\/\/www.juliankanz.com\/wp-content\/uploads\/2020\/02\/042-arab-wedding-in-tuscany-italy-300x200.jpg 300w, https:\/\/www.juliankanz.com\/wp-content\/uploads\/2020\/02\/042-arab-wedding-in-tuscany-italy-768x512.jpg 768w, https:\/\/www.juliankanz.com\/wp-content\/uploads\/2020\/02\/042-arab-wedding-in-tuscany-italy-30x20.jpg 30w, https:\/\/www.juliankanz.com\/wp-content\/uploads\/2020\/02\/042-arab-wedding-in-tuscany-italy-116x77.jpg 116w, https:\/\/www.juliankanz.com\/wp-content\/uploads\/2020\/02\/042-arab-wedding-in-tuscany-italy-150x100.jpg 150w\" sizes=\"auto, (max-width: 900px) 100vw, 900px\" \/><\/p>\n<p><img loading=\"lazy\" decoding=\"async\" class=\"alignleft size-full wp-image-27168\" src=\"https:\/\/www.juliankanz.com\/wp-content\/uploads\/2020\/02\/044-arab-wedding-in-tuscany-italy.jpg\" alt=\"Arab Wedding in Tuscany Italy\" width=\"900\" height=\"600\" srcset=\"https:\/\/www.juliankanz.com\/wp-content\/uploads\/2020\/02\/044-arab-wedding-in-tuscany-italy.jpg 900w, https:\/\/www.juliankanz.com\/wp-content\/uploads\/2020\/02\/044-arab-wedding-in-tuscany-italy-300x200.jpg 300w, https:\/\/www.juliankanz.com\/wp-content\/uploads\/2020\/02\/044-arab-wedding-in-tuscany-italy-768x512.jpg 768w, https:\/\/www.juliankanz.com\/wp-content\/uploads\/2020\/02\/044-arab-wedding-in-tuscany-italy-30x20.jpg 30w, https:\/\/www.juliankanz.com\/wp-content\/uploads\/2020\/02\/044-arab-wedding-in-tuscany-italy-116x77.jpg 116w, https:\/\/www.juliankanz.com\/wp-content\/uploads\/2020\/02\/044-arab-wedding-in-tuscany-italy-150x100.jpg 150w\" sizes=\"auto, (max-width: 900px) 100vw, 900px\" \/><\/p>\n<p><img loading=\"lazy\" decoding=\"async\" class=\"alignleft size-full wp-image-27170\" src=\"https:\/\/www.juliankanz.com\/wp-content\/uploads\/2020\/02\/046-arab-wedding-in-tuscany-italy.jpg\" alt=\"Arab Wedding in Tuscany Italy\" width=\"900\" height=\"600\" srcset=\"https:\/\/www.juliankanz.com\/wp-content\/uploads\/2020\/02\/046-arab-wedding-in-tuscany-italy.jpg 900w, https:\/\/www.juliankanz.com\/wp-content\/uploads\/2020\/02\/046-arab-wedding-in-tuscany-italy-300x200.jpg 300w, https:\/\/www.juliankanz.com\/wp-content\/uploads\/2020\/02\/046-arab-wedding-in-tuscany-italy-768x512.jpg 768w, https:\/\/www.juliankanz.com\/wp-content\/uploads\/2020\/02\/046-arab-wedding-in-tuscany-italy-30x20.jpg 30w, https:\/\/www.juliankanz.com\/wp-content\/uploads\/2020\/02\/046-arab-wedding-in-tuscany-italy-116x77.jpg 116w, https:\/\/www.juliankanz.com\/wp-content\/uploads\/2020\/02\/046-arab-wedding-in-tuscany-italy-150x100.jpg 150w\" sizes=\"auto, (max-width: 900px) 100vw, 900px\" \/><\/p>\n<p><img loading=\"lazy\" decoding=\"async\" class=\"alignleft size-full wp-image-27171\" src=\"https:\/\/www.juliankanz.com\/wp-content\/uploads\/2020\/02\/047-arab-wedding-in-tuscany-italy.jpg\" alt=\"Arab Wedding in Tuscany Italy\" width=\"900\" height=\"600\" srcset=\"https:\/\/www.juliankanz.com\/wp-content\/uploads\/2020\/02\/047-arab-wedding-in-tuscany-italy.jpg 900w, https:\/\/www.juliankanz.com\/wp-content\/uploads\/2020\/02\/047-arab-wedding-in-tuscany-italy-300x200.jpg 300w, https:\/\/www.juliankanz.com\/wp-content\/uploads\/2020\/02\/047-arab-wedding-in-tuscany-italy-768x512.jpg 768w, https:\/\/www.juliankanz.com\/wp-content\/uploads\/2020\/02\/047-arab-wedding-in-tuscany-italy-30x20.jpg 30w, https:\/\/www.juliankanz.com\/wp-content\/uploads\/2020\/02\/047-arab-wedding-in-tuscany-italy-116x77.jpg 116w, https:\/\/www.juliankanz.com\/wp-content\/uploads\/2020\/02\/047-arab-wedding-in-tuscany-italy-150x100.jpg 150w\" sizes=\"auto, (max-width: 900px) 100vw, 900px\" \/><\/p>\n<p><img loading=\"lazy\" decoding=\"async\" class=\"alignleft size-full wp-image-27173\" src=\"https:\/\/www.juliankanz.com\/wp-content\/uploads\/2020\/02\/049-arab-wedding-in-tuscany-italy.jpg\" alt=\"Arab Wedding in Tuscany Italy\" width=\"900\" height=\"600\" srcset=\"https:\/\/www.juliankanz.com\/wp-content\/uploads\/2020\/02\/049-arab-wedding-in-tuscany-italy.jpg 900w, https:\/\/www.juliankanz.com\/wp-content\/uploads\/2020\/02\/049-arab-wedding-in-tuscany-italy-300x200.jpg 300w, https:\/\/www.juliankanz.com\/wp-content\/uploads\/2020\/02\/049-arab-wedding-in-tuscany-italy-768x512.jpg 768w, https:\/\/www.juliankanz.com\/wp-content\/uploads\/2020\/02\/049-arab-wedding-in-tuscany-italy-30x20.jpg 30w, https:\/\/www.juliankanz.com\/wp-content\/uploads\/2020\/02\/049-arab-wedding-in-tuscany-italy-116x77.jpg 116w, https:\/\/www.juliankanz.com\/wp-content\/uploads\/2020\/02\/049-arab-wedding-in-tuscany-italy-150x100.jpg 150w\" sizes=\"auto, (max-width: 900px) 100vw, 900px\" \/><\/p>\n<p><img loading=\"lazy\" decoding=\"async\" class=\"alignleft size-full wp-image-27174\" src=\"https:\/\/www.juliankanz.com\/wp-content\/uploads\/2020\/02\/050-arab-wedding-in-tuscany-italy.jpg\" alt=\"Arab Wedding in Tuscany Italy\" width=\"900\" height=\"600\" srcset=\"https:\/\/www.juliankanz.com\/wp-content\/uploads\/2020\/02\/050-arab-wedding-in-tuscany-italy.jpg 900w, https:\/\/www.juliankanz.com\/wp-content\/uploads\/2020\/02\/050-arab-wedding-in-tuscany-italy-300x200.jpg 300w, https:\/\/www.juliankanz.com\/wp-content\/uploads\/2020\/02\/050-arab-wedding-in-tuscany-italy-768x512.jpg 768w, https:\/\/www.juliankanz.com\/wp-content\/uploads\/2020\/02\/050-arab-wedding-in-tuscany-italy-30x20.jpg 30w, https:\/\/www.juliankanz.com\/wp-content\/uploads\/2020\/02\/050-arab-wedding-in-tuscany-italy-116x77.jpg 116w, https:\/\/www.juliankanz.com\/wp-content\/uploads\/2020\/02\/050-arab-wedding-in-tuscany-italy-150x100.jpg 150w\" sizes=\"auto, (max-width: 900px) 100vw, 900px\" \/><\/p>\n<p><img loading=\"lazy\" decoding=\"async\" class=\"alignleft size-full wp-image-27176\" src=\"https:\/\/www.juliankanz.com\/wp-content\/uploads\/2020\/02\/052-fotograf-hochzeit-italien.jpg\" alt=\"Fotograf Hochzeit Italien\" width=\"900\" height=\"600\" srcset=\"https:\/\/www.juliankanz.com\/wp-content\/uploads\/2020\/02\/052-fotograf-hochzeit-italien.jpg 900w, https:\/\/www.juliankanz.com\/wp-content\/uploads\/2020\/02\/052-fotograf-hochzeit-italien-300x200.jpg 300w, https:\/\/www.juliankanz.com\/wp-content\/uploads\/2020\/02\/052-fotograf-hochzeit-italien-768x512.jpg 768w, https:\/\/www.juliankanz.com\/wp-content\/uploads\/2020\/02\/052-fotograf-hochzeit-italien-30x20.jpg 30w, https:\/\/www.juliankanz.com\/wp-content\/uploads\/2020\/02\/052-fotograf-hochzeit-italien-116x77.jpg 116w, https:\/\/www.juliankanz.com\/wp-content\/uploads\/2020\/02\/052-fotograf-hochzeit-italien-150x100.jpg 150w\" sizes=\"auto, (max-width: 900px) 100vw, 900px\" \/><\/p>\n<p><img loading=\"lazy\" decoding=\"async\" class=\"alignleft size-full wp-image-27177\" src=\"https:\/\/www.juliankanz.com\/wp-content\/uploads\/2020\/02\/053-fotograf-hochzeit-italien.jpg\" alt=\"Fotograf Hochzeit Italien\" width=\"900\" height=\"600\" srcset=\"https:\/\/www.juliankanz.com\/wp-content\/uploads\/2020\/02\/053-fotograf-hochzeit-italien.jpg 900w, https:\/\/www.juliankanz.com\/wp-content\/uploads\/2020\/02\/053-fotograf-hochzeit-italien-300x200.jpg 300w, https:\/\/www.juliankanz.com\/wp-content\/uploads\/2020\/02\/053-fotograf-hochzeit-italien-768x512.jpg 768w, https:\/\/www.juliankanz.com\/wp-content\/uploads\/2020\/02\/053-fotograf-hochzeit-italien-30x20.jpg 30w, https:\/\/www.juliankanz.com\/wp-content\/uploads\/2020\/02\/053-fotograf-hochzeit-italien-116x77.jpg 116w, https:\/\/www.juliankanz.com\/wp-content\/uploads\/2020\/02\/053-fotograf-hochzeit-italien-150x100.jpg 150w\" sizes=\"auto, (max-width: 900px) 100vw, 900px\" \/><\/p>\n<p><img loading=\"lazy\" decoding=\"async\" class=\"alignleft size-full wp-image-27179\" src=\"https:\/\/www.juliankanz.com\/wp-content\/uploads\/2020\/02\/055-fotograf-hochzeit-italien.jpg\" alt=\"Fotograf Hochzeit Italien\" width=\"900\" height=\"600\" srcset=\"https:\/\/www.juliankanz.com\/wp-content\/uploads\/2020\/02\/055-fotograf-hochzeit-italien.jpg 900w, https:\/\/www.juliankanz.com\/wp-content\/uploads\/2020\/02\/055-fotograf-hochzeit-italien-300x200.jpg 300w, https:\/\/www.juliankanz.com\/wp-content\/uploads\/2020\/02\/055-fotograf-hochzeit-italien-768x512.jpg 768w, https:\/\/www.juliankanz.com\/wp-content\/uploads\/2020\/02\/055-fotograf-hochzeit-italien-30x20.jpg 30w, https:\/\/www.juliankanz.com\/wp-content\/uploads\/2020\/02\/055-fotograf-hochzeit-italien-116x77.jpg 116w, https:\/\/www.juliankanz.com\/wp-content\/uploads\/2020\/02\/055-fotograf-hochzeit-italien-150x100.jpg 150w\" sizes=\"auto, (max-width: 900px) 100vw, 900px\" \/><\/p>\n<p><img loading=\"lazy\" decoding=\"async\" class=\"alignleft size-full wp-image-27180\" src=\"https:\/\/www.juliankanz.com\/wp-content\/uploads\/2020\/02\/056-fotograf-hochzeit-italien.jpg\" alt=\"Fotograf Hochzeit Italien\" width=\"900\" height=\"600\" srcset=\"https:\/\/www.juliankanz.com\/wp-content\/uploads\/2020\/02\/056-fotograf-hochzeit-italien.jpg 900w, https:\/\/www.juliankanz.com\/wp-content\/uploads\/2020\/02\/056-fotograf-hochzeit-italien-300x200.jpg 300w, https:\/\/www.juliankanz.com\/wp-content\/uploads\/2020\/02\/056-fotograf-hochzeit-italien-768x512.jpg 768w, https:\/\/www.juliankanz.com\/wp-content\/uploads\/2020\/02\/056-fotograf-hochzeit-italien-30x20.jpg 30w, https:\/\/www.juliankanz.com\/wp-content\/uploads\/2020\/02\/056-fotograf-hochzeit-italien-116x77.jpg 116w, https:\/\/www.juliankanz.com\/wp-content\/uploads\/2020\/02\/056-fotograf-hochzeit-italien-150x100.jpg 150w\" sizes=\"auto, (max-width: 900px) 100vw, 900px\" \/><\/p>\n<p><img loading=\"lazy\" decoding=\"async\" class=\"alignleft size-full wp-image-27181\" src=\"https:\/\/www.juliankanz.com\/wp-content\/uploads\/2020\/02\/057-fotograf-hochzeit-italien.jpg\" alt=\"Fotograf Hochzeit Italien\" width=\"900\" height=\"600\" srcset=\"https:\/\/www.juliankanz.com\/wp-content\/uploads\/2020\/02\/057-fotograf-hochzeit-italien.jpg 900w, https:\/\/www.juliankanz.com\/wp-content\/uploads\/2020\/02\/057-fotograf-hochzeit-italien-300x200.jpg 300w, https:\/\/www.juliankanz.com\/wp-content\/uploads\/2020\/02\/057-fotograf-hochzeit-italien-768x512.jpg 768w, https:\/\/www.juliankanz.com\/wp-content\/uploads\/2020\/02\/057-fotograf-hochzeit-italien-30x20.jpg 30w, https:\/\/www.juliankanz.com\/wp-content\/uploads\/2020\/02\/057-fotograf-hochzeit-italien-116x77.jpg 116w, https:\/\/www.juliankanz.com\/wp-content\/uploads\/2020\/02\/057-fotograf-hochzeit-italien-150x100.jpg 150w\" sizes=\"auto, (max-width: 900px) 100vw, 900px\" \/><\/p>\n<p><img loading=\"lazy\" decoding=\"async\" class=\"alignleft size-full wp-image-27182\" src=\"https:\/\/www.juliankanz.com\/wp-content\/uploads\/2020\/02\/058-fotograf-hochzeit-italien.jpg\" alt=\"Fotograf Hochzeit Italien\" width=\"900\" height=\"600\" srcset=\"https:\/\/www.juliankanz.com\/wp-content\/uploads\/2020\/02\/058-fotograf-hochzeit-italien.jpg 900w, https:\/\/www.juliankanz.com\/wp-content\/uploads\/2020\/02\/058-fotograf-hochzeit-italien-300x200.jpg 300w, https:\/\/www.juliankanz.com\/wp-content\/uploads\/2020\/02\/058-fotograf-hochzeit-italien-768x512.jpg 768w, https:\/\/www.juliankanz.com\/wp-content\/uploads\/2020\/02\/058-fotograf-hochzeit-italien-30x20.jpg 30w, https:\/\/www.juliankanz.com\/wp-content\/uploads\/2020\/02\/058-fotograf-hochzeit-italien-116x77.jpg 116w, https:\/\/www.juliankanz.com\/wp-content\/uploads\/2020\/02\/058-fotograf-hochzeit-italien-150x100.jpg 150w\" sizes=\"auto, (max-width: 900px) 100vw, 900px\" \/><\/p>\n<p><img loading=\"lazy\" decoding=\"async\" class=\"alignleft size-full wp-image-27183\" src=\"https:\/\/www.juliankanz.com\/wp-content\/uploads\/2020\/02\/059-fotograf-hochzeit-italien.jpg\" alt=\"Fotograf Hochzeit Italien\" width=\"900\" height=\"600\" srcset=\"https:\/\/www.juliankanz.com\/wp-content\/uploads\/2020\/02\/059-fotograf-hochzeit-italien.jpg 900w, https:\/\/www.juliankanz.com\/wp-content\/uploads\/2020\/02\/059-fotograf-hochzeit-italien-300x200.jpg 300w, https:\/\/www.juliankanz.com\/wp-content\/uploads\/2020\/02\/059-fotograf-hochzeit-italien-768x512.jpg 768w, https:\/\/www.juliankanz.com\/wp-content\/uploads\/2020\/02\/059-fotograf-hochzeit-italien-30x20.jpg 30w, https:\/\/www.juliankanz.com\/wp-content\/uploads\/2020\/02\/059-fotograf-hochzeit-italien-116x77.jpg 116w, https:\/\/www.juliankanz.com\/wp-content\/uploads\/2020\/02\/059-fotograf-hochzeit-italien-150x100.jpg 150w\" sizes=\"auto, (max-width: 900px) 100vw, 900px\" \/><\/p>\n<p><img loading=\"lazy\" decoding=\"async\" class=\"alignleft size-full wp-image-27184\" src=\"https:\/\/www.juliankanz.com\/wp-content\/uploads\/2020\/02\/060-fotograf-hochzeit-italien.jpg\" alt=\"Fotograf Hochzeit Italien\" width=\"900\" height=\"600\" srcset=\"https:\/\/www.juliankanz.com\/wp-content\/uploads\/2020\/02\/060-fotograf-hochzeit-italien.jpg 900w, https:\/\/www.juliankanz.com\/wp-content\/uploads\/2020\/02\/060-fotograf-hochzeit-italien-300x200.jpg 300w, https:\/\/www.juliankanz.com\/wp-content\/uploads\/2020\/02\/060-fotograf-hochzeit-italien-768x512.jpg 768w, https:\/\/www.juliankanz.com\/wp-content\/uploads\/2020\/02\/060-fotograf-hochzeit-italien-30x20.jpg 30w, https:\/\/www.juliankanz.com\/wp-content\/uploads\/2020\/02\/060-fotograf-hochzeit-italien-116x77.jpg 116w, https:\/\/www.juliankanz.com\/wp-content\/uploads\/2020\/02\/060-fotograf-hochzeit-italien-150x100.jpg 150w\" sizes=\"auto, (max-width: 900px) 100vw, 900px\" \/><\/p>\n<p><img loading=\"lazy\" decoding=\"async\" class=\"alignleft size-full wp-image-27185\" src=\"https:\/\/www.juliankanz.com\/wp-content\/uploads\/2020\/02\/061-symbolische-hochzeit-in-der-toskana.jpg\" alt=\"Symbolische Hochzeit in der Toskana\" width=\"900\" height=\"600\" srcset=\"https:\/\/www.juliankanz.com\/wp-content\/uploads\/2020\/02\/061-symbolische-hochzeit-in-der-toskana.jpg 900w, https:\/\/www.juliankanz.com\/wp-content\/uploads\/2020\/02\/061-symbolische-hochzeit-in-der-toskana-300x200.jpg 300w, https:\/\/www.juliankanz.com\/wp-content\/uploads\/2020\/02\/061-symbolische-hochzeit-in-der-toskana-768x512.jpg 768w, https:\/\/www.juliankanz.com\/wp-content\/uploads\/2020\/02\/061-symbolische-hochzeit-in-der-toskana-30x20.jpg 30w, https:\/\/www.juliankanz.com\/wp-content\/uploads\/2020\/02\/061-symbolische-hochzeit-in-der-toskana-116x77.jpg 116w, https:\/\/www.juliankanz.com\/wp-content\/uploads\/2020\/02\/061-symbolische-hochzeit-in-der-toskana-150x100.jpg 150w\" sizes=\"auto, (max-width: 900px) 100vw, 900px\" \/><\/p>\n<p><img loading=\"lazy\" decoding=\"async\" class=\"alignleft size-full wp-image-27186\" src=\"https:\/\/www.juliankanz.com\/wp-content\/uploads\/2020\/02\/062-symbolische-hochzeit-in-der-toskana.jpg\" alt=\"Symbolische Hochzeit in der Toskana\" width=\"900\" height=\"600\" srcset=\"https:\/\/www.juliankanz.com\/wp-content\/uploads\/2020\/02\/062-symbolische-hochzeit-in-der-toskana.jpg 900w, https:\/\/www.juliankanz.com\/wp-content\/uploads\/2020\/02\/062-symbolische-hochzeit-in-der-toskana-300x200.jpg 300w, https:\/\/www.juliankanz.com\/wp-content\/uploads\/2020\/02\/062-symbolische-hochzeit-in-der-toskana-768x512.jpg 768w, https:\/\/www.juliankanz.com\/wp-content\/uploads\/2020\/02\/062-symbolische-hochzeit-in-der-toskana-30x20.jpg 30w, https:\/\/www.juliankanz.com\/wp-content\/uploads\/2020\/02\/062-symbolische-hochzeit-in-der-toskana-116x77.jpg 116w, https:\/\/www.juliankanz.com\/wp-content\/uploads\/2020\/02\/062-symbolische-hochzeit-in-der-toskana-150x100.jpg 150w\" sizes=\"auto, (max-width: 900px) 100vw, 900px\" \/><\/p>\n<p><img loading=\"lazy\" decoding=\"async\" class=\"alignleft size-full wp-image-27188\" src=\"https:\/\/www.juliankanz.com\/wp-content\/uploads\/2020\/02\/064-symbolische-hochzeit-in-der-toskana.jpg\" alt=\"Symbolische Hochzeit in der Toskana\" width=\"900\" height=\"600\" srcset=\"https:\/\/www.juliankanz.com\/wp-content\/uploads\/2020\/02\/064-symbolische-hochzeit-in-der-toskana.jpg 900w, https:\/\/www.juliankanz.com\/wp-content\/uploads\/2020\/02\/064-symbolische-hochzeit-in-der-toskana-300x200.jpg 300w, https:\/\/www.juliankanz.com\/wp-content\/uploads\/2020\/02\/064-symbolische-hochzeit-in-der-toskana-768x512.jpg 768w, https:\/\/www.juliankanz.com\/wp-content\/uploads\/2020\/02\/064-symbolische-hochzeit-in-der-toskana-30x20.jpg 30w, https:\/\/www.juliankanz.com\/wp-content\/uploads\/2020\/02\/064-symbolische-hochzeit-in-der-toskana-116x77.jpg 116w, https:\/\/www.juliankanz.com\/wp-content\/uploads\/2020\/02\/064-symbolische-hochzeit-in-der-toskana-150x100.jpg 150w\" sizes=\"auto, (max-width: 900px) 100vw, 900px\" \/><\/p>\n<p><img loading=\"lazy\" decoding=\"async\" class=\"alignleft size-full wp-image-27189\" src=\"https:\/\/www.juliankanz.com\/wp-content\/uploads\/2020\/02\/065-symbolische-hochzeit-in-der-toskana.jpg\" alt=\"Symbolische Hochzeit in der Toskana\" width=\"900\" height=\"600\" srcset=\"https:\/\/www.juliankanz.com\/wp-content\/uploads\/2020\/02\/065-symbolische-hochzeit-in-der-toskana.jpg 900w, https:\/\/www.juliankanz.com\/wp-content\/uploads\/2020\/02\/065-symbolische-hochzeit-in-der-toskana-300x200.jpg 300w, https:\/\/www.juliankanz.com\/wp-content\/uploads\/2020\/02\/065-symbolische-hochzeit-in-der-toskana-768x512.jpg 768w, https:\/\/www.juliankanz.com\/wp-content\/uploads\/2020\/02\/065-symbolische-hochzeit-in-der-toskana-30x20.jpg 30w, https:\/\/www.juliankanz.com\/wp-content\/uploads\/2020\/02\/065-symbolische-hochzeit-in-der-toskana-116x77.jpg 116w, https:\/\/www.juliankanz.com\/wp-content\/uploads\/2020\/02\/065-symbolische-hochzeit-in-der-toskana-150x100.jpg 150w\" sizes=\"auto, (max-width: 900px) 100vw, 900px\" \/><\/p>\n<p><img loading=\"lazy\" decoding=\"async\" class=\"alignleft size-full wp-image-27191\" src=\"https:\/\/www.juliankanz.com\/wp-content\/uploads\/2020\/02\/067-symbolische-hochzeit-in-der-toskana.jpg\" alt=\"Symbolische Hochzeit in der Toskana\" width=\"900\" height=\"600\" srcset=\"https:\/\/www.juliankanz.com\/wp-content\/uploads\/2020\/02\/067-symbolische-hochzeit-in-der-toskana.jpg 900w, https:\/\/www.juliankanz.com\/wp-content\/uploads\/2020\/02\/067-symbolische-hochzeit-in-der-toskana-300x200.jpg 300w, https:\/\/www.juliankanz.com\/wp-content\/uploads\/2020\/02\/067-symbolische-hochzeit-in-der-toskana-768x512.jpg 768w, https:\/\/www.juliankanz.com\/wp-content\/uploads\/2020\/02\/067-symbolische-hochzeit-in-der-toskana-30x20.jpg 30w, https:\/\/www.juliankanz.com\/wp-content\/uploads\/2020\/02\/067-symbolische-hochzeit-in-der-toskana-116x77.jpg 116w, https:\/\/www.juliankanz.com\/wp-content\/uploads\/2020\/02\/067-symbolische-hochzeit-in-der-toskana-150x100.jpg 150w\" sizes=\"auto, (max-width: 900px) 100vw, 900px\" \/><\/p>\n<p><img loading=\"lazy\" decoding=\"async\" class=\"alignleft size-full wp-image-27192\" src=\"https:\/\/www.juliankanz.com\/wp-content\/uploads\/2020\/02\/068-symbolische-hochzeit-in-der-toskana.jpg\" alt=\"Symbolische Hochzeit in der Toskana\" width=\"900\" height=\"600\" srcset=\"https:\/\/www.juliankanz.com\/wp-content\/uploads\/2020\/02\/068-symbolische-hochzeit-in-der-toskana.jpg 900w, https:\/\/www.juliankanz.com\/wp-content\/uploads\/2020\/02\/068-symbolische-hochzeit-in-der-toskana-300x200.jpg 300w, https:\/\/www.juliankanz.com\/wp-content\/uploads\/2020\/02\/068-symbolische-hochzeit-in-der-toskana-768x512.jpg 768w, https:\/\/www.juliankanz.com\/wp-content\/uploads\/2020\/02\/068-symbolische-hochzeit-in-der-toskana-30x20.jpg 30w, https:\/\/www.juliankanz.com\/wp-content\/uploads\/2020\/02\/068-symbolische-hochzeit-in-der-toskana-116x77.jpg 116w, https:\/\/www.juliankanz.com\/wp-content\/uploads\/2020\/02\/068-symbolische-hochzeit-in-der-toskana-150x100.jpg 150w\" sizes=\"auto, (max-width: 900px) 100vw, 900px\" \/><\/p>\n<p><img loading=\"lazy\" decoding=\"async\" class=\"alignleft size-full wp-image-27193\" src=\"https:\/\/www.juliankanz.com\/wp-content\/uploads\/2020\/02\/069-symbolische-hochzeit-in-der-toskana.jpg\" alt=\"Symbolische Hochzeit in der Toskana\" width=\"900\" height=\"600\" srcset=\"https:\/\/www.juliankanz.com\/wp-content\/uploads\/2020\/02\/069-symbolische-hochzeit-in-der-toskana.jpg 900w, https:\/\/www.juliankanz.com\/wp-content\/uploads\/2020\/02\/069-symbolische-hochzeit-in-der-toskana-300x200.jpg 300w, https:\/\/www.juliankanz.com\/wp-content\/uploads\/2020\/02\/069-symbolische-hochzeit-in-der-toskana-768x512.jpg 768w, https:\/\/www.juliankanz.com\/wp-content\/uploads\/2020\/02\/069-symbolische-hochzeit-in-der-toskana-30x20.jpg 30w, https:\/\/www.juliankanz.com\/wp-content\/uploads\/2020\/02\/069-symbolische-hochzeit-in-der-toskana-116x77.jpg 116w, https:\/\/www.juliankanz.com\/wp-content\/uploads\/2020\/02\/069-symbolische-hochzeit-in-der-toskana-150x100.jpg 150w\" sizes=\"auto, (max-width: 900px) 100vw, 900px\" \/><\/p>\n<p><img loading=\"lazy\" decoding=\"async\" class=\"alignleft size-full wp-image-27194\" src=\"https:\/\/www.juliankanz.com\/wp-content\/uploads\/2020\/02\/070-symbolische-hochzeit-in-der-toskana.jpg\" alt=\"Symbolische Hochzeit in der Toskana\" width=\"900\" height=\"600\" srcset=\"https:\/\/www.juliankanz.com\/wp-content\/uploads\/2020\/02\/070-symbolische-hochzeit-in-der-toskana.jpg 900w, https:\/\/www.juliankanz.com\/wp-content\/uploads\/2020\/02\/070-symbolische-hochzeit-in-der-toskana-300x200.jpg 300w, https:\/\/www.juliankanz.com\/wp-content\/uploads\/2020\/02\/070-symbolische-hochzeit-in-der-toskana-768x512.jpg 768w, https:\/\/www.juliankanz.com\/wp-content\/uploads\/2020\/02\/070-symbolische-hochzeit-in-der-toskana-30x20.jpg 30w, https:\/\/www.juliankanz.com\/wp-content\/uploads\/2020\/02\/070-symbolische-hochzeit-in-der-toskana-116x77.jpg 116w, https:\/\/www.juliankanz.com\/wp-content\/uploads\/2020\/02\/070-symbolische-hochzeit-in-der-toskana-150x100.jpg 150w\" sizes=\"auto, (max-width: 900px) 100vw, 900px\" \/><\/p>\n<p><img loading=\"lazy\" decoding=\"async\" class=\"alignleft size-full wp-image-27196\" src=\"https:\/\/www.juliankanz.com\/wp-content\/uploads\/2020\/02\/072-hochzeitsempfang-in-der-toskana.jpg\" alt=\"Hochzeitsempfang in der Toskana\" width=\"900\" height=\"600\" srcset=\"https:\/\/www.juliankanz.com\/wp-content\/uploads\/2020\/02\/072-hochzeitsempfang-in-der-toskana.jpg 900w, https:\/\/www.juliankanz.com\/wp-content\/uploads\/2020\/02\/072-hochzeitsempfang-in-der-toskana-300x200.jpg 300w, https:\/\/www.juliankanz.com\/wp-content\/uploads\/2020\/02\/072-hochzeitsempfang-in-der-toskana-768x512.jpg 768w, https:\/\/www.juliankanz.com\/wp-content\/uploads\/2020\/02\/072-hochzeitsempfang-in-der-toskana-30x20.jpg 30w, https:\/\/www.juliankanz.com\/wp-content\/uploads\/2020\/02\/072-hochzeitsempfang-in-der-toskana-116x77.jpg 116w, https:\/\/www.juliankanz.com\/wp-content\/uploads\/2020\/02\/072-hochzeitsempfang-in-der-toskana-150x100.jpg 150w\" sizes=\"auto, (max-width: 900px) 100vw, 900px\" \/><\/p>\n<p><img loading=\"lazy\" decoding=\"async\" class=\"alignleft size-full wp-image-27197\" src=\"https:\/\/www.juliankanz.com\/wp-content\/uploads\/2020\/02\/073-hochzeitsempfang-in-der-toskana.jpg\" alt=\"Hochzeitsempfang in der Toskana\" width=\"900\" height=\"600\" srcset=\"https:\/\/www.juliankanz.com\/wp-content\/uploads\/2020\/02\/073-hochzeitsempfang-in-der-toskana.jpg 900w, https:\/\/www.juliankanz.com\/wp-content\/uploads\/2020\/02\/073-hochzeitsempfang-in-der-toskana-300x200.jpg 300w, https:\/\/www.juliankanz.com\/wp-content\/uploads\/2020\/02\/073-hochzeitsempfang-in-der-toskana-768x512.jpg 768w, https:\/\/www.juliankanz.com\/wp-content\/uploads\/2020\/02\/073-hochzeitsempfang-in-der-toskana-30x20.jpg 30w, https:\/\/www.juliankanz.com\/wp-content\/uploads\/2020\/02\/073-hochzeitsempfang-in-der-toskana-116x77.jpg 116w, https:\/\/www.juliankanz.com\/wp-content\/uploads\/2020\/02\/073-hochzeitsempfang-in-der-toskana-150x100.jpg 150w\" sizes=\"auto, (max-width: 900px) 100vw, 900px\" \/><\/p>\n<p><img loading=\"lazy\" decoding=\"async\" class=\"alignleft size-full wp-image-27198\" src=\"https:\/\/www.juliankanz.com\/wp-content\/uploads\/2020\/02\/074-hochzeitsempfang-in-der-toskana.jpg\" alt=\"Hochzeitsempfang in der Toskana\" width=\"900\" height=\"600\" srcset=\"https:\/\/www.juliankanz.com\/wp-content\/uploads\/2020\/02\/074-hochzeitsempfang-in-der-toskana.jpg 900w, https:\/\/www.juliankanz.com\/wp-content\/uploads\/2020\/02\/074-hochzeitsempfang-in-der-toskana-300x200.jpg 300w, https:\/\/www.juliankanz.com\/wp-content\/uploads\/2020\/02\/074-hochzeitsempfang-in-der-toskana-768x512.jpg 768w, https:\/\/www.juliankanz.com\/wp-content\/uploads\/2020\/02\/074-hochzeitsempfang-in-der-toskana-30x20.jpg 30w, https:\/\/www.juliankanz.com\/wp-content\/uploads\/2020\/02\/074-hochzeitsempfang-in-der-toskana-116x77.jpg 116w, https:\/\/www.juliankanz.com\/wp-content\/uploads\/2020\/02\/074-hochzeitsempfang-in-der-toskana-150x100.jpg 150w\" sizes=\"auto, (max-width: 900px) 100vw, 900px\" \/><\/p>\n<p><img loading=\"lazy\" decoding=\"async\" class=\"alignleft size-full wp-image-27199\" src=\"https:\/\/www.juliankanz.com\/wp-content\/uploads\/2020\/02\/075-hochzeitsempfang-in-der-toskana.jpg\" alt=\"Hochzeitsempfang in der Toskana\" width=\"900\" height=\"600\" srcset=\"https:\/\/www.juliankanz.com\/wp-content\/uploads\/2020\/02\/075-hochzeitsempfang-in-der-toskana.jpg 900w, https:\/\/www.juliankanz.com\/wp-content\/uploads\/2020\/02\/075-hochzeitsempfang-in-der-toskana-300x200.jpg 300w, https:\/\/www.juliankanz.com\/wp-content\/uploads\/2020\/02\/075-hochzeitsempfang-in-der-toskana-768x512.jpg 768w, https:\/\/www.juliankanz.com\/wp-content\/uploads\/2020\/02\/075-hochzeitsempfang-in-der-toskana-30x20.jpg 30w, https:\/\/www.juliankanz.com\/wp-content\/uploads\/2020\/02\/075-hochzeitsempfang-in-der-toskana-116x77.jpg 116w, https:\/\/www.juliankanz.com\/wp-content\/uploads\/2020\/02\/075-hochzeitsempfang-in-der-toskana-150x100.jpg 150w\" sizes=\"auto, (max-width: 900px) 100vw, 900px\" \/><\/p>\n<p><img loading=\"lazy\" decoding=\"async\" class=\"alignleft size-full wp-image-27200\" src=\"https:\/\/www.juliankanz.com\/wp-content\/uploads\/2020\/02\/076-hochzeitsempfang-in-der-toskana.jpg\" alt=\"Hochzeitsempfang in der Toskana\" width=\"900\" height=\"600\" srcset=\"https:\/\/www.juliankanz.com\/wp-content\/uploads\/2020\/02\/076-hochzeitsempfang-in-der-toskana.jpg 900w, https:\/\/www.juliankanz.com\/wp-content\/uploads\/2020\/02\/076-hochzeitsempfang-in-der-toskana-300x200.jpg 300w, https:\/\/www.juliankanz.com\/wp-content\/uploads\/2020\/02\/076-hochzeitsempfang-in-der-toskana-768x512.jpg 768w, https:\/\/www.juliankanz.com\/wp-content\/uploads\/2020\/02\/076-hochzeitsempfang-in-der-toskana-30x20.jpg 30w, https:\/\/www.juliankanz.com\/wp-content\/uploads\/2020\/02\/076-hochzeitsempfang-in-der-toskana-116x77.jpg 116w, https:\/\/www.juliankanz.com\/wp-content\/uploads\/2020\/02\/076-hochzeitsempfang-in-der-toskana-150x100.jpg 150w\" sizes=\"auto, (max-width: 900px) 100vw, 900px\" \/><\/p>\n<p><img loading=\"lazy\" decoding=\"async\" class=\"alignleft size-full wp-image-27201\" src=\"https:\/\/www.juliankanz.com\/wp-content\/uploads\/2020\/02\/077-hochzeitsempfang-in-der-toskana.jpg\" alt=\"Hochzeitsempfang in der Toskana\" width=\"900\" height=\"600\" srcset=\"https:\/\/www.juliankanz.com\/wp-content\/uploads\/2020\/02\/077-hochzeitsempfang-in-der-toskana.jpg 900w, https:\/\/www.juliankanz.com\/wp-content\/uploads\/2020\/02\/077-hochzeitsempfang-in-der-toskana-300x200.jpg 300w, https:\/\/www.juliankanz.com\/wp-content\/uploads\/2020\/02\/077-hochzeitsempfang-in-der-toskana-768x512.jpg 768w, https:\/\/www.juliankanz.com\/wp-content\/uploads\/2020\/02\/077-hochzeitsempfang-in-der-toskana-30x20.jpg 30w, https:\/\/www.juliankanz.com\/wp-content\/uploads\/2020\/02\/077-hochzeitsempfang-in-der-toskana-116x77.jpg 116w, https:\/\/www.juliankanz.com\/wp-content\/uploads\/2020\/02\/077-hochzeitsempfang-in-der-toskana-150x100.jpg 150w\" sizes=\"auto, (max-width: 900px) 100vw, 900px\" \/><\/p>\n<p><img loading=\"lazy\" decoding=\"async\" class=\"alignleft size-full wp-image-27203\" src=\"https:\/\/www.juliankanz.com\/wp-content\/uploads\/2020\/02\/079-toskana-tische-hochzeit.jpg\" alt=\"Toskana Tische Hochzeit\" width=\"900\" height=\"410\" srcset=\"https:\/\/www.juliankanz.com\/wp-content\/uploads\/2020\/02\/079-toskana-tische-hochzeit.jpg 900w, https:\/\/www.juliankanz.com\/wp-content\/uploads\/2020\/02\/079-toskana-tische-hochzeit-300x137.jpg 300w, https:\/\/www.juliankanz.com\/wp-content\/uploads\/2020\/02\/079-toskana-tische-hochzeit-768x350.jpg 768w, https:\/\/www.juliankanz.com\/wp-content\/uploads\/2020\/02\/079-toskana-tische-hochzeit-30x14.jpg 30w, https:\/\/www.juliankanz.com\/wp-content\/uploads\/2020\/02\/079-toskana-tische-hochzeit-120x55.jpg 120w, https:\/\/www.juliankanz.com\/wp-content\/uploads\/2020\/02\/079-toskana-tische-hochzeit-150x68.jpg 150w\" sizes=\"auto, (max-width: 900px) 100vw, 900px\" \/><\/p>\n<p><img loading=\"lazy\" decoding=\"async\" class=\"alignleft size-full wp-image-27204\" src=\"https:\/\/www.juliankanz.com\/wp-content\/uploads\/2020\/02\/080-podere-conti-tuscany-wedding-venue.jpg\" alt=\"Podere Conti Tuscany Wedding Venue\" width=\"900\" height=\"600\" srcset=\"https:\/\/www.juliankanz.com\/wp-content\/uploads\/2020\/02\/080-podere-conti-tuscany-wedding-venue.jpg 900w, https:\/\/www.juliankanz.com\/wp-content\/uploads\/2020\/02\/080-podere-conti-tuscany-wedding-venue-300x200.jpg 300w, https:\/\/www.juliankanz.com\/wp-content\/uploads\/2020\/02\/080-podere-conti-tuscany-wedding-venue-768x512.jpg 768w, https:\/\/www.juliankanz.com\/wp-content\/uploads\/2020\/02\/080-podere-conti-tuscany-wedding-venue-30x20.jpg 30w, https:\/\/www.juliankanz.com\/wp-content\/uploads\/2020\/02\/080-podere-conti-tuscany-wedding-venue-116x77.jpg 116w, https:\/\/www.juliankanz.com\/wp-content\/uploads\/2020\/02\/080-podere-conti-tuscany-wedding-venue-150x100.jpg 150w\" sizes=\"auto, (max-width: 900px) 100vw, 900px\" \/><\/p>\n<p><img loading=\"lazy\" decoding=\"async\" class=\"alignleft size-full wp-image-27206\" src=\"https:\/\/www.juliankanz.com\/wp-content\/uploads\/2020\/02\/082-podere-conti-tuscany-wedding-venue.jpg\" alt=\"Podere Conti Tuscany Wedding Venue\" width=\"900\" height=\"600\" srcset=\"https:\/\/www.juliankanz.com\/wp-content\/uploads\/2020\/02\/082-podere-conti-tuscany-wedding-venue.jpg 900w, https:\/\/www.juliankanz.com\/wp-content\/uploads\/2020\/02\/082-podere-conti-tuscany-wedding-venue-300x200.jpg 300w, https:\/\/www.juliankanz.com\/wp-content\/uploads\/2020\/02\/082-podere-conti-tuscany-wedding-venue-768x512.jpg 768w, https:\/\/www.juliankanz.com\/wp-content\/uploads\/2020\/02\/082-podere-conti-tuscany-wedding-venue-30x20.jpg 30w, https:\/\/www.juliankanz.com\/wp-content\/uploads\/2020\/02\/082-podere-conti-tuscany-wedding-venue-116x77.jpg 116w, https:\/\/www.juliankanz.com\/wp-content\/uploads\/2020\/02\/082-podere-conti-tuscany-wedding-venue-150x100.jpg 150w\" sizes=\"auto, (max-width: 900px) 100vw, 900px\" \/><\/p>\n<p><img loading=\"lazy\" decoding=\"async\" class=\"alignleft size-full wp-image-27207\" src=\"https:\/\/www.juliankanz.com\/wp-content\/uploads\/2020\/02\/083-podere-conti-tuscany-wedding-venue.jpg\" alt=\"Podere Conti Tuscany Wedding Venue\" width=\"900\" height=\"600\" srcset=\"https:\/\/www.juliankanz.com\/wp-content\/uploads\/2020\/02\/083-podere-conti-tuscany-wedding-venue.jpg 900w, https:\/\/www.juliankanz.com\/wp-content\/uploads\/2020\/02\/083-podere-conti-tuscany-wedding-venue-300x200.jpg 300w, https:\/\/www.juliankanz.com\/wp-content\/uploads\/2020\/02\/083-podere-conti-tuscany-wedding-venue-768x512.jpg 768w, https:\/\/www.juliankanz.com\/wp-content\/uploads\/2020\/02\/083-podere-conti-tuscany-wedding-venue-30x20.jpg 30w, https:\/\/www.juliankanz.com\/wp-content\/uploads\/2020\/02\/083-podere-conti-tuscany-wedding-venue-116x77.jpg 116w, https:\/\/www.juliankanz.com\/wp-content\/uploads\/2020\/02\/083-podere-conti-tuscany-wedding-venue-150x100.jpg 150w\" sizes=\"auto, (max-width: 900px) 100vw, 900px\" \/><\/p>\n<p><img loading=\"lazy\" decoding=\"async\" class=\"alignleft size-full wp-image-27208\" src=\"https:\/\/www.juliankanz.com\/wp-content\/uploads\/2020\/02\/084-podere-conti-tuscany-wedding-venue.jpg\" alt=\"Podere Conti Tuscany Wedding Venue\" width=\"900\" height=\"600\" srcset=\"https:\/\/www.juliankanz.com\/wp-content\/uploads\/2020\/02\/084-podere-conti-tuscany-wedding-venue.jpg 900w, https:\/\/www.juliankanz.com\/wp-content\/uploads\/2020\/02\/084-podere-conti-tuscany-wedding-venue-300x200.jpg 300w, https:\/\/www.juliankanz.com\/wp-content\/uploads\/2020\/02\/084-podere-conti-tuscany-wedding-venue-768x512.jpg 768w, https:\/\/www.juliankanz.com\/wp-content\/uploads\/2020\/02\/084-podere-conti-tuscany-wedding-venue-30x20.jpg 30w, https:\/\/www.juliankanz.com\/wp-content\/uploads\/2020\/02\/084-podere-conti-tuscany-wedding-venue-116x77.jpg 116w, https:\/\/www.juliankanz.com\/wp-content\/uploads\/2020\/02\/084-podere-conti-tuscany-wedding-venue-150x100.jpg 150w\" sizes=\"auto, (max-width: 900px) 100vw, 900px\" \/><\/p>\n<p><img loading=\"lazy\" decoding=\"async\" class=\"alignleft size-full wp-image-27210\" src=\"https:\/\/www.juliankanz.com\/wp-content\/uploads\/2020\/02\/086-podere-conti-tuscany-wedding-venue.jpg\" alt=\"Podere Conti Tuscany Wedding Venue\" width=\"900\" height=\"600\" srcset=\"https:\/\/www.juliankanz.com\/wp-content\/uploads\/2020\/02\/086-podere-conti-tuscany-wedding-venue.jpg 900w, https:\/\/www.juliankanz.com\/wp-content\/uploads\/2020\/02\/086-podere-conti-tuscany-wedding-venue-300x200.jpg 300w, https:\/\/www.juliankanz.com\/wp-content\/uploads\/2020\/02\/086-podere-conti-tuscany-wedding-venue-768x512.jpg 768w, https:\/\/www.juliankanz.com\/wp-content\/uploads\/2020\/02\/086-podere-conti-tuscany-wedding-venue-30x20.jpg 30w, https:\/\/www.juliankanz.com\/wp-content\/uploads\/2020\/02\/086-podere-conti-tuscany-wedding-venue-116x77.jpg 116w, https:\/\/www.juliankanz.com\/wp-content\/uploads\/2020\/02\/086-podere-conti-tuscany-wedding-venue-150x100.jpg 150w\" sizes=\"auto, (max-width: 900px) 100vw, 900px\" \/><\/p>\n<p><img loading=\"lazy\" decoding=\"async\" class=\"alignleft size-full wp-image-27211\" src=\"https:\/\/www.juliankanz.com\/wp-content\/uploads\/2020\/02\/087-podere-conti-tuscany-wedding-venue.jpg\" alt=\"Podere Conti Tuscany Wedding Venue\" width=\"900\" height=\"600\" srcset=\"https:\/\/www.juliankanz.com\/wp-content\/uploads\/2020\/02\/087-podere-conti-tuscany-wedding-venue.jpg 900w, https:\/\/www.juliankanz.com\/wp-content\/uploads\/2020\/02\/087-podere-conti-tuscany-wedding-venue-300x200.jpg 300w, https:\/\/www.juliankanz.com\/wp-content\/uploads\/2020\/02\/087-podere-conti-tuscany-wedding-venue-768x512.jpg 768w, https:\/\/www.juliankanz.com\/wp-content\/uploads\/2020\/02\/087-podere-conti-tuscany-wedding-venue-30x20.jpg 30w, https:\/\/www.juliankanz.com\/wp-content\/uploads\/2020\/02\/087-podere-conti-tuscany-wedding-venue-116x77.jpg 116w, https:\/\/www.juliankanz.com\/wp-content\/uploads\/2020\/02\/087-podere-conti-tuscany-wedding-venue-150x100.jpg 150w\" sizes=\"auto, (max-width: 900px) 100vw, 900px\" \/><\/p>\n<p><img loading=\"lazy\" decoding=\"async\" class=\"alignleft size-full wp-image-27212\" src=\"https:\/\/www.juliankanz.com\/wp-content\/uploads\/2020\/02\/088-podere-conti-tuscany-wedding-venue.jpg\" alt=\"Podere Conti Tuscany Wedding Venue\" width=\"900\" height=\"600\" srcset=\"https:\/\/www.juliankanz.com\/wp-content\/uploads\/2020\/02\/088-podere-conti-tuscany-wedding-venue.jpg 900w, https:\/\/www.juliankanz.com\/wp-content\/uploads\/2020\/02\/088-podere-conti-tuscany-wedding-venue-300x200.jpg 300w, https:\/\/www.juliankanz.com\/wp-content\/uploads\/2020\/02\/088-podere-conti-tuscany-wedding-venue-768x512.jpg 768w, https:\/\/www.juliankanz.com\/wp-content\/uploads\/2020\/02\/088-podere-conti-tuscany-wedding-venue-30x20.jpg 30w, https:\/\/www.juliankanz.com\/wp-content\/uploads\/2020\/02\/088-podere-conti-tuscany-wedding-venue-116x77.jpg 116w, https:\/\/www.juliankanz.com\/wp-content\/uploads\/2020\/02\/088-podere-conti-tuscany-wedding-venue-150x100.jpg 150w\" sizes=\"auto, (max-width: 900px) 100vw, 900px\" \/><\/p>\n<p><img loading=\"lazy\" decoding=\"async\" class=\"alignleft size-full wp-image-27213\" src=\"https:\/\/www.juliankanz.com\/wp-content\/uploads\/2020\/02\/089-podere-conti-tuscany-wedding-venue.jpg\" alt=\"Podere Conti Tuscany Wedding Venue\" width=\"900\" height=\"600\" srcset=\"https:\/\/www.juliankanz.com\/wp-content\/uploads\/2020\/02\/089-podere-conti-tuscany-wedding-venue.jpg 900w, https:\/\/www.juliankanz.com\/wp-content\/uploads\/2020\/02\/089-podere-conti-tuscany-wedding-venue-300x200.jpg 300w, https:\/\/www.juliankanz.com\/wp-content\/uploads\/2020\/02\/089-podere-conti-tuscany-wedding-venue-768x512.jpg 768w, https:\/\/www.juliankanz.com\/wp-content\/uploads\/2020\/02\/089-podere-conti-tuscany-wedding-venue-30x20.jpg 30w, https:\/\/www.juliankanz.com\/wp-content\/uploads\/2020\/02\/089-podere-conti-tuscany-wedding-venue-116x77.jpg 116w, https:\/\/www.juliankanz.com\/wp-content\/uploads\/2020\/02\/089-podere-conti-tuscany-wedding-venue-150x100.jpg 150w\" sizes=\"auto, (max-width: 900px) 100vw, 900px\" \/><\/p>\n<p><img loading=\"lazy\" decoding=\"async\" class=\"alignleft size-full wp-image-27214\" src=\"https:\/\/www.juliankanz.com\/wp-content\/uploads\/2020\/02\/090-hochzeitsfotos-in-der-toskana.jpg\" alt=\"Hochzeitsfotos in der Toskana\" width=\"900\" height=\"600\" srcset=\"https:\/\/www.juliankanz.com\/wp-content\/uploads\/2020\/02\/090-hochzeitsfotos-in-der-toskana.jpg 900w, https:\/\/www.juliankanz.com\/wp-content\/uploads\/2020\/02\/090-hochzeitsfotos-in-der-toskana-300x200.jpg 300w, https:\/\/www.juliankanz.com\/wp-content\/uploads\/2020\/02\/090-hochzeitsfotos-in-der-toskana-768x512.jpg 768w, https:\/\/www.juliankanz.com\/wp-content\/uploads\/2020\/02\/090-hochzeitsfotos-in-der-toskana-30x20.jpg 30w, https:\/\/www.juliankanz.com\/wp-content\/uploads\/2020\/02\/090-hochzeitsfotos-in-der-toskana-116x77.jpg 116w, https:\/\/www.juliankanz.com\/wp-content\/uploads\/2020\/02\/090-hochzeitsfotos-in-der-toskana-150x100.jpg 150w\" sizes=\"auto, (max-width: 900px) 100vw, 900px\" \/><\/p>\n<p><img loading=\"lazy\" decoding=\"async\" class=\"alignleft size-full wp-image-27215\" src=\"https:\/\/www.juliankanz.com\/wp-content\/uploads\/2020\/02\/091-hochzeitsfotos-in-der-toskana.jpg\" alt=\"Hochzeitsfotos in der Toskana\" width=\"900\" height=\"600\" srcset=\"https:\/\/www.juliankanz.com\/wp-content\/uploads\/2020\/02\/091-hochzeitsfotos-in-der-toskana.jpg 900w, https:\/\/www.juliankanz.com\/wp-content\/uploads\/2020\/02\/091-hochzeitsfotos-in-der-toskana-300x200.jpg 300w, https:\/\/www.juliankanz.com\/wp-content\/uploads\/2020\/02\/091-hochzeitsfotos-in-der-toskana-768x512.jpg 768w, https:\/\/www.juliankanz.com\/wp-content\/uploads\/2020\/02\/091-hochzeitsfotos-in-der-toskana-30x20.jpg 30w, https:\/\/www.juliankanz.com\/wp-content\/uploads\/2020\/02\/091-hochzeitsfotos-in-der-toskana-116x77.jpg 116w, https:\/\/www.juliankanz.com\/wp-content\/uploads\/2020\/02\/091-hochzeitsfotos-in-der-toskana-150x100.jpg 150w\" sizes=\"auto, (max-width: 900px) 100vw, 900px\" \/><\/p>\n<p><img loading=\"lazy\" decoding=\"async\" class=\"alignleft size-full wp-image-27216\" src=\"https:\/\/www.juliankanz.com\/wp-content\/uploads\/2020\/02\/092-hochzeitsfotos-in-der-toskana.jpg\" alt=\"Hochzeitsfotos in der Toskana\" width=\"900\" height=\"600\" srcset=\"https:\/\/www.juliankanz.com\/wp-content\/uploads\/2020\/02\/092-hochzeitsfotos-in-der-toskana.jpg 900w, https:\/\/www.juliankanz.com\/wp-content\/uploads\/2020\/02\/092-hochzeitsfotos-in-der-toskana-300x200.jpg 300w, https:\/\/www.juliankanz.com\/wp-content\/uploads\/2020\/02\/092-hochzeitsfotos-in-der-toskana-768x512.jpg 768w, https:\/\/www.juliankanz.com\/wp-content\/uploads\/2020\/02\/092-hochzeitsfotos-in-der-toskana-30x20.jpg 30w, https:\/\/www.juliankanz.com\/wp-content\/uploads\/2020\/02\/092-hochzeitsfotos-in-der-toskana-116x77.jpg 116w, https:\/\/www.juliankanz.com\/wp-content\/uploads\/2020\/02\/092-hochzeitsfotos-in-der-toskana-150x100.jpg 150w\" sizes=\"auto, (max-width: 900px) 100vw, 900px\" \/><\/p>\n<p><img loading=\"lazy\" decoding=\"async\" class=\"alignleft size-full wp-image-27217\" src=\"https:\/\/www.juliankanz.com\/wp-content\/uploads\/2020\/02\/093-hochzeitsportraits-in-der-toskana.jpg\" alt=\"Hochzeitsportraits in der Toskana\" width=\"900\" height=\"666\" srcset=\"https:\/\/www.juliankanz.com\/wp-content\/uploads\/2020\/02\/093-hochzeitsportraits-in-der-toskana.jpg 900w, https:\/\/www.juliankanz.com\/wp-content\/uploads\/2020\/02\/093-hochzeitsportraits-in-der-toskana-300x222.jpg 300w, https:\/\/www.juliankanz.com\/wp-content\/uploads\/2020\/02\/093-hochzeitsportraits-in-der-toskana-768x568.jpg 768w, https:\/\/www.juliankanz.com\/wp-content\/uploads\/2020\/02\/093-hochzeitsportraits-in-der-toskana-30x22.jpg 30w, https:\/\/www.juliankanz.com\/wp-content\/uploads\/2020\/02\/093-hochzeitsportraits-in-der-toskana-104x77.jpg 104w, https:\/\/www.juliankanz.com\/wp-content\/uploads\/2020\/02\/093-hochzeitsportraits-in-der-toskana-135x100.jpg 135w\" sizes=\"auto, (max-width: 900px) 100vw, 900px\" \/><\/p>\n<p><img loading=\"lazy\" decoding=\"async\" class=\"alignleft size-full wp-image-27219\" src=\"https:\/\/www.juliankanz.com\/wp-content\/uploads\/2020\/02\/095-arabische-hochzeit-in-der-toskana.jpg\" alt=\"Arabische Hochzeit in der Toskana\" width=\"900\" height=\"410\" srcset=\"https:\/\/www.juliankanz.com\/wp-content\/uploads\/2020\/02\/095-arabische-hochzeit-in-der-toskana.jpg 900w, https:\/\/www.juliankanz.com\/wp-content\/uploads\/2020\/02\/095-arabische-hochzeit-in-der-toskana-300x137.jpg 300w, https:\/\/www.juliankanz.com\/wp-content\/uploads\/2020\/02\/095-arabische-hochzeit-in-der-toskana-768x350.jpg 768w, https:\/\/www.juliankanz.com\/wp-content\/uploads\/2020\/02\/095-arabische-hochzeit-in-der-toskana-30x14.jpg 30w, https:\/\/www.juliankanz.com\/wp-content\/uploads\/2020\/02\/095-arabische-hochzeit-in-der-toskana-120x55.jpg 120w, https:\/\/www.juliankanz.com\/wp-content\/uploads\/2020\/02\/095-arabische-hochzeit-in-der-toskana-150x68.jpg 150w\" sizes=\"auto, (max-width: 900px) 100vw, 900px\" \/><\/p>\n<p><img loading=\"lazy\" decoding=\"async\" class=\"alignleft size-full wp-image-27220\" src=\"https:\/\/www.juliankanz.com\/wp-content\/uploads\/2020\/02\/096-bester-fotograf-in-italien.jpg\" alt=\"Bester Fotograf in Italien\" width=\"900\" height=\"600\" srcset=\"https:\/\/www.juliankanz.com\/wp-content\/uploads\/2020\/02\/096-bester-fotograf-in-italien.jpg 900w, https:\/\/www.juliankanz.com\/wp-content\/uploads\/2020\/02\/096-bester-fotograf-in-italien-300x200.jpg 300w, https:\/\/www.juliankanz.com\/wp-content\/uploads\/2020\/02\/096-bester-fotograf-in-italien-768x512.jpg 768w, https:\/\/www.juliankanz.com\/wp-content\/uploads\/2020\/02\/096-bester-fotograf-in-italien-30x20.jpg 30w, https:\/\/www.juliankanz.com\/wp-content\/uploads\/2020\/02\/096-bester-fotograf-in-italien-116x77.jpg 116w, https:\/\/www.juliankanz.com\/wp-content\/uploads\/2020\/02\/096-bester-fotograf-in-italien-150x100.jpg 150w\" sizes=\"auto, (max-width: 900px) 100vw, 900px\" \/><\/p>\n<p><img loading=\"lazy\" decoding=\"async\" class=\"alignleft size-full wp-image-27221\" src=\"https:\/\/www.juliankanz.com\/wp-content\/uploads\/2020\/02\/097-bester-fotograf-in-italien.jpg\" alt=\"Bester Fotograf in Italien\" width=\"900\" height=\"600\" srcset=\"https:\/\/www.juliankanz.com\/wp-content\/uploads\/2020\/02\/097-bester-fotograf-in-italien.jpg 900w, https:\/\/www.juliankanz.com\/wp-content\/uploads\/2020\/02\/097-bester-fotograf-in-italien-300x200.jpg 300w, https:\/\/www.juliankanz.com\/wp-content\/uploads\/2020\/02\/097-bester-fotograf-in-italien-768x512.jpg 768w, https:\/\/www.juliankanz.com\/wp-content\/uploads\/2020\/02\/097-bester-fotograf-in-italien-30x20.jpg 30w, https:\/\/www.juliankanz.com\/wp-content\/uploads\/2020\/02\/097-bester-fotograf-in-italien-116x77.jpg 116w, https:\/\/www.juliankanz.com\/wp-content\/uploads\/2020\/02\/097-bester-fotograf-in-italien-150x100.jpg 150w\" sizes=\"auto, (max-width: 900px) 100vw, 900px\" \/><\/p>\n<p><img loading=\"lazy\" decoding=\"async\" class=\"alignleft size-full wp-image-27222\" src=\"https:\/\/www.juliankanz.com\/wp-content\/uploads\/2020\/02\/098-bester-fotograf-in-italien.jpg\" alt=\"Bester Fotograf in Italien\" width=\"900\" height=\"600\" srcset=\"https:\/\/www.juliankanz.com\/wp-content\/uploads\/2020\/02\/098-bester-fotograf-in-italien.jpg 900w, https:\/\/www.juliankanz.com\/wp-content\/uploads\/2020\/02\/098-bester-fotograf-in-italien-300x200.jpg 300w, https:\/\/www.juliankanz.com\/wp-content\/uploads\/2020\/02\/098-bester-fotograf-in-italien-768x512.jpg 768w, https:\/\/www.juliankanz.com\/wp-content\/uploads\/2020\/02\/098-bester-fotograf-in-italien-30x20.jpg 30w, https:\/\/www.juliankanz.com\/wp-content\/uploads\/2020\/02\/098-bester-fotograf-in-italien-116x77.jpg 116w, https:\/\/www.juliankanz.com\/wp-content\/uploads\/2020\/02\/098-bester-fotograf-in-italien-150x100.jpg 150w\" sizes=\"auto, (max-width: 900px) 100vw, 900px\" \/><\/p>\n<p><img loading=\"lazy\" decoding=\"async\" class=\"alignleft size-full wp-image-27223\" src=\"https:\/\/www.juliankanz.com\/wp-content\/uploads\/2020\/02\/099-bester-fotograf-in-italien.jpg\" alt=\"Bester Fotograf in Italien\" width=\"900\" height=\"600\" srcset=\"https:\/\/www.juliankanz.com\/wp-content\/uploads\/2020\/02\/099-bester-fotograf-in-italien.jpg 900w, https:\/\/www.juliankanz.com\/wp-content\/uploads\/2020\/02\/099-bester-fotograf-in-italien-300x200.jpg 300w, https:\/\/www.juliankanz.com\/wp-content\/uploads\/2020\/02\/099-bester-fotograf-in-italien-768x512.jpg 768w, https:\/\/www.juliankanz.com\/wp-content\/uploads\/2020\/02\/099-bester-fotograf-in-italien-30x20.jpg 30w, https:\/\/www.juliankanz.com\/wp-content\/uploads\/2020\/02\/099-bester-fotograf-in-italien-116x77.jpg 116w, https:\/\/www.juliankanz.com\/wp-content\/uploads\/2020\/02\/099-bester-fotograf-in-italien-150x100.jpg 150w\" sizes=\"auto, (max-width: 900px) 100vw, 900px\" \/><\/p>\n<p><img loading=\"lazy\" decoding=\"async\" class=\"alignleft size-full wp-image-27224\" src=\"https:\/\/www.juliankanz.com\/wp-content\/uploads\/2020\/02\/100-bester-fotograf-in-italien.jpg\" alt=\"Bester Fotograf in Italien\" width=\"900\" height=\"600\" srcset=\"https:\/\/www.juliankanz.com\/wp-content\/uploads\/2020\/02\/100-bester-fotograf-in-italien.jpg 900w, https:\/\/www.juliankanz.com\/wp-content\/uploads\/2020\/02\/100-bester-fotograf-in-italien-300x200.jpg 300w, https:\/\/www.juliankanz.com\/wp-content\/uploads\/2020\/02\/100-bester-fotograf-in-italien-768x512.jpg 768w, https:\/\/www.juliankanz.com\/wp-content\/uploads\/2020\/02\/100-bester-fotograf-in-italien-30x20.jpg 30w, https:\/\/www.juliankanz.com\/wp-content\/uploads\/2020\/02\/100-bester-fotograf-in-italien-116x77.jpg 116w, https:\/\/www.juliankanz.com\/wp-content\/uploads\/2020\/02\/100-bester-fotograf-in-italien-150x100.jpg 150w\" sizes=\"auto, (max-width: 900px) 100vw, 900px\" \/><\/p>\n<p><img loading=\"lazy\" decoding=\"async\" class=\"alignleft size-full wp-image-27225\" src=\"https:\/\/www.juliankanz.com\/wp-content\/uploads\/2020\/02\/101-bester-fotograf-in-italien.jpg\" alt=\"Bester Fotograf in Italien\" width=\"900\" height=\"600\" srcset=\"https:\/\/www.juliankanz.com\/wp-content\/uploads\/2020\/02\/101-bester-fotograf-in-italien.jpg 900w, https:\/\/www.juliankanz.com\/wp-content\/uploads\/2020\/02\/101-bester-fotograf-in-italien-300x200.jpg 300w, https:\/\/www.juliankanz.com\/wp-content\/uploads\/2020\/02\/101-bester-fotograf-in-italien-768x512.jpg 768w, https:\/\/www.juliankanz.com\/wp-content\/uploads\/2020\/02\/101-bester-fotograf-in-italien-30x20.jpg 30w, https:\/\/www.juliankanz.com\/wp-content\/uploads\/2020\/02\/101-bester-fotograf-in-italien-116x77.jpg 116w, https:\/\/www.juliankanz.com\/wp-content\/uploads\/2020\/02\/101-bester-fotograf-in-italien-150x100.jpg 150w\" sizes=\"auto, (max-width: 900px) 100vw, 900px\" \/><\/p>\n<p><img loading=\"lazy\" decoding=\"async\" class=\"alignleft size-full wp-image-27228\" src=\"https:\/\/www.juliankanz.com\/wp-content\/uploads\/2020\/02\/104-bester-fotograf-in-italien.jpg\" alt=\"Bester Fotograf in Italien\" width=\"900\" height=\"600\" srcset=\"https:\/\/www.juliankanz.com\/wp-content\/uploads\/2020\/02\/104-bester-fotograf-in-italien.jpg 900w, https:\/\/www.juliankanz.com\/wp-content\/uploads\/2020\/02\/104-bester-fotograf-in-italien-300x200.jpg 300w, https:\/\/www.juliankanz.com\/wp-content\/uploads\/2020\/02\/104-bester-fotograf-in-italien-768x512.jpg 768w, https:\/\/www.juliankanz.com\/wp-content\/uploads\/2020\/02\/104-bester-fotograf-in-italien-30x20.jpg 30w, https:\/\/www.juliankanz.com\/wp-content\/uploads\/2020\/02\/104-bester-fotograf-in-italien-116x77.jpg 116w, https:\/\/www.juliankanz.com\/wp-content\/uploads\/2020\/02\/104-bester-fotograf-in-italien-150x100.jpg 150w\" sizes=\"auto, (max-width: 900px) 100vw, 900px\" \/><\/p>\n<p><img loading=\"lazy\" decoding=\"async\" class=\"alignleft size-full wp-image-27229\" src=\"https:\/\/www.juliankanz.com\/wp-content\/uploads\/2020\/02\/105-bester-fotograf-in-italien.jpg\" alt=\"Bester Fotograf in Italien\" width=\"900\" height=\"600\" srcset=\"https:\/\/www.juliankanz.com\/wp-content\/uploads\/2020\/02\/105-bester-fotograf-in-italien.jpg 900w, https:\/\/www.juliankanz.com\/wp-content\/uploads\/2020\/02\/105-bester-fotograf-in-italien-300x200.jpg 300w, https:\/\/www.juliankanz.com\/wp-content\/uploads\/2020\/02\/105-bester-fotograf-in-italien-768x512.jpg 768w, https:\/\/www.juliankanz.com\/wp-content\/uploads\/2020\/02\/105-bester-fotograf-in-italien-30x20.jpg 30w, https:\/\/www.juliankanz.com\/wp-content\/uploads\/2020\/02\/105-bester-fotograf-in-italien-116x77.jpg 116w, https:\/\/www.juliankanz.com\/wp-content\/uploads\/2020\/02\/105-bester-fotograf-in-italien-150x100.jpg 150w\" sizes=\"auto, (max-width: 900px) 100vw, 900px\" \/><\/p>\n<p><img loading=\"lazy\" decoding=\"async\" class=\"alignleft size-full wp-image-27230\" src=\"https:\/\/www.juliankanz.com\/wp-content\/uploads\/2020\/02\/106-wedding-reception-tuscany-photographer.jpg\" alt=\"Wedding Reception Tuscany Photographer\" width=\"900\" height=\"600\" srcset=\"https:\/\/www.juliankanz.com\/wp-content\/uploads\/2020\/02\/106-wedding-reception-tuscany-photographer.jpg 900w, https:\/\/www.juliankanz.com\/wp-content\/uploads\/2020\/02\/106-wedding-reception-tuscany-photographer-300x200.jpg 300w, https:\/\/www.juliankanz.com\/wp-content\/uploads\/2020\/02\/106-wedding-reception-tuscany-photographer-768x512.jpg 768w, https:\/\/www.juliankanz.com\/wp-content\/uploads\/2020\/02\/106-wedding-reception-tuscany-photographer-30x20.jpg 30w, https:\/\/www.juliankanz.com\/wp-content\/uploads\/2020\/02\/106-wedding-reception-tuscany-photographer-116x77.jpg 116w, https:\/\/www.juliankanz.com\/wp-content\/uploads\/2020\/02\/106-wedding-reception-tuscany-photographer-150x100.jpg 150w\" sizes=\"auto, (max-width: 900px) 100vw, 900px\" \/><\/p>\n<p><img loading=\"lazy\" decoding=\"async\" class=\"alignleft size-full wp-image-27231\" src=\"https:\/\/www.juliankanz.com\/wp-content\/uploads\/2020\/02\/107-wedding-reception-tuscany-photographer.jpg\" alt=\"Wedding Reception Tuscany Photographer\" width=\"900\" height=\"600\" srcset=\"https:\/\/www.juliankanz.com\/wp-content\/uploads\/2020\/02\/107-wedding-reception-tuscany-photographer.jpg 900w, https:\/\/www.juliankanz.com\/wp-content\/uploads\/2020\/02\/107-wedding-reception-tuscany-photographer-300x200.jpg 300w, https:\/\/www.juliankanz.com\/wp-content\/uploads\/2020\/02\/107-wedding-reception-tuscany-photographer-768x512.jpg 768w, https:\/\/www.juliankanz.com\/wp-content\/uploads\/2020\/02\/107-wedding-reception-tuscany-photographer-30x20.jpg 30w, https:\/\/www.juliankanz.com\/wp-content\/uploads\/2020\/02\/107-wedding-reception-tuscany-photographer-116x77.jpg 116w, https:\/\/www.juliankanz.com\/wp-content\/uploads\/2020\/02\/107-wedding-reception-tuscany-photographer-150x100.jpg 150w\" sizes=\"auto, (max-width: 900px) 100vw, 900px\" \/><\/p>\n<p><img loading=\"lazy\" decoding=\"async\" class=\"alignleft size-full wp-image-27233\" src=\"https:\/\/www.juliankanz.com\/wp-content\/uploads\/2020\/02\/109-wedding-reception-tuscany-photographer.jpg\" alt=\"Wedding Reception Tuscany Photographer\" width=\"900\" height=\"600\" srcset=\"https:\/\/www.juliankanz.com\/wp-content\/uploads\/2020\/02\/109-wedding-reception-tuscany-photographer.jpg 900w, https:\/\/www.juliankanz.com\/wp-content\/uploads\/2020\/02\/109-wedding-reception-tuscany-photographer-300x200.jpg 300w, https:\/\/www.juliankanz.com\/wp-content\/uploads\/2020\/02\/109-wedding-reception-tuscany-photographer-768x512.jpg 768w, https:\/\/www.juliankanz.com\/wp-content\/uploads\/2020\/02\/109-wedding-reception-tuscany-photographer-30x20.jpg 30w, https:\/\/www.juliankanz.com\/wp-content\/uploads\/2020\/02\/109-wedding-reception-tuscany-photographer-116x77.jpg 116w, https:\/\/www.juliankanz.com\/wp-content\/uploads\/2020\/02\/109-wedding-reception-tuscany-photographer-150x100.jpg 150w\" sizes=\"auto, (max-width: 900px) 100vw, 900px\" \/><\/p>\n<p><img loading=\"lazy\" decoding=\"async\" class=\"alignleft size-full wp-image-27235\" src=\"https:\/\/www.juliankanz.com\/wp-content\/uploads\/2020\/02\/111-wedding-reception-tuscany-photographer.jpg\" alt=\"Wedding Reception Tuscany Photographer\" width=\"900\" height=\"600\" srcset=\"https:\/\/www.juliankanz.com\/wp-content\/uploads\/2020\/02\/111-wedding-reception-tuscany-photographer.jpg 900w, https:\/\/www.juliankanz.com\/wp-content\/uploads\/2020\/02\/111-wedding-reception-tuscany-photographer-300x200.jpg 300w, https:\/\/www.juliankanz.com\/wp-content\/uploads\/2020\/02\/111-wedding-reception-tuscany-photographer-768x512.jpg 768w, https:\/\/www.juliankanz.com\/wp-content\/uploads\/2020\/02\/111-wedding-reception-tuscany-photographer-30x20.jpg 30w, https:\/\/www.juliankanz.com\/wp-content\/uploads\/2020\/02\/111-wedding-reception-tuscany-photographer-116x77.jpg 116w, https:\/\/www.juliankanz.com\/wp-content\/uploads\/2020\/02\/111-wedding-reception-tuscany-photographer-150x100.jpg 150w\" sizes=\"auto, (max-width: 900px) 100vw, 900px\" \/><\/p>\n<p><img loading=\"lazy\" decoding=\"async\" class=\"alignleft size-full wp-image-27236\" src=\"https:\/\/www.juliankanz.com\/wp-content\/uploads\/2020\/02\/112-wedding-reception-tuscany-photographer.jpg\" alt=\"Wedding Reception Tuscany Photographer\" width=\"900\" height=\"600\" srcset=\"https:\/\/www.juliankanz.com\/wp-content\/uploads\/2020\/02\/112-wedding-reception-tuscany-photographer.jpg 900w, https:\/\/www.juliankanz.com\/wp-content\/uploads\/2020\/02\/112-wedding-reception-tuscany-photographer-300x200.jpg 300w, https:\/\/www.juliankanz.com\/wp-content\/uploads\/2020\/02\/112-wedding-reception-tuscany-photographer-768x512.jpg 768w, https:\/\/www.juliankanz.com\/wp-content\/uploads\/2020\/02\/112-wedding-reception-tuscany-photographer-30x20.jpg 30w, https:\/\/www.juliankanz.com\/wp-content\/uploads\/2020\/02\/112-wedding-reception-tuscany-photographer-116x77.jpg 116w, https:\/\/www.juliankanz.com\/wp-content\/uploads\/2020\/02\/112-wedding-reception-tuscany-photographer-150x100.jpg 150w\" sizes=\"auto, (max-width: 900px) 100vw, 900px\" \/><\/p>\n<p><img loading=\"lazy\" decoding=\"async\" class=\"alignleft size-full wp-image-27238\" src=\"https:\/\/www.juliankanz.com\/wp-content\/uploads\/2020\/02\/114-wedding-reception-tuscany-photographer.jpg\" alt=\"Wedding Reception Tuscany Photographer\" width=\"900\" height=\"600\" srcset=\"https:\/\/www.juliankanz.com\/wp-content\/uploads\/2020\/02\/114-wedding-reception-tuscany-photographer.jpg 900w, https:\/\/www.juliankanz.com\/wp-content\/uploads\/2020\/02\/114-wedding-reception-tuscany-photographer-300x200.jpg 300w, https:\/\/www.juliankanz.com\/wp-content\/uploads\/2020\/02\/114-wedding-reception-tuscany-photographer-768x512.jpg 768w, https:\/\/www.juliankanz.com\/wp-content\/uploads\/2020\/02\/114-wedding-reception-tuscany-photographer-30x20.jpg 30w, https:\/\/www.juliankanz.com\/wp-content\/uploads\/2020\/02\/114-wedding-reception-tuscany-photographer-116x77.jpg 116w, https:\/\/www.juliankanz.com\/wp-content\/uploads\/2020\/02\/114-wedding-reception-tuscany-photographer-150x100.jpg 150w\" sizes=\"auto, (max-width: 900px) 100vw, 900px\" \/><\/p>\n<p><img loading=\"lazy\" decoding=\"async\" class=\"alignleft size-full wp-image-27239\" src=\"https:\/\/www.juliankanz.com\/wp-content\/uploads\/2020\/02\/115-wedding-reception-tuscany-photographer.jpg\" alt=\"Wedding Reception Tuscany Photographer\" width=\"900\" height=\"600\" srcset=\"https:\/\/www.juliankanz.com\/wp-content\/uploads\/2020\/02\/115-wedding-reception-tuscany-photographer.jpg 900w, https:\/\/www.juliankanz.com\/wp-content\/uploads\/2020\/02\/115-wedding-reception-tuscany-photographer-300x200.jpg 300w, https:\/\/www.juliankanz.com\/wp-content\/uploads\/2020\/02\/115-wedding-reception-tuscany-photographer-768x512.jpg 768w, https:\/\/www.juliankanz.com\/wp-content\/uploads\/2020\/02\/115-wedding-reception-tuscany-photographer-30x20.jpg 30w, https:\/\/www.juliankanz.com\/wp-content\/uploads\/2020\/02\/115-wedding-reception-tuscany-photographer-116x77.jpg 116w, https:\/\/www.juliankanz.com\/wp-content\/uploads\/2020\/02\/115-wedding-reception-tuscany-photographer-150x100.jpg 150w\" sizes=\"auto, (max-width: 900px) 100vw, 900px\" \/><\/p>\n<p><img loading=\"lazy\" decoding=\"async\" class=\"alignleft size-full wp-image-27241\" src=\"https:\/\/www.juliankanz.com\/wp-content\/uploads\/2020\/02\/117-arabische-trommler-hochzeit.jpg\" alt=\"Arabische Trommler Hochzeit\" width=\"900\" height=\"600\" srcset=\"https:\/\/www.juliankanz.com\/wp-content\/uploads\/2020\/02\/117-arabische-trommler-hochzeit.jpg 900w, https:\/\/www.juliankanz.com\/wp-content\/uploads\/2020\/02\/117-arabische-trommler-hochzeit-300x200.jpg 300w, https:\/\/www.juliankanz.com\/wp-content\/uploads\/2020\/02\/117-arabische-trommler-hochzeit-768x512.jpg 768w, https:\/\/www.juliankanz.com\/wp-content\/uploads\/2020\/02\/117-arabische-trommler-hochzeit-30x20.jpg 30w, https:\/\/www.juliankanz.com\/wp-content\/uploads\/2020\/02\/117-arabische-trommler-hochzeit-116x77.jpg 116w, https:\/\/www.juliankanz.com\/wp-content\/uploads\/2020\/02\/117-arabische-trommler-hochzeit-150x100.jpg 150w\" sizes=\"auto, (max-width: 900px) 100vw, 900px\" \/><\/p>\n<p><img loading=\"lazy\" decoding=\"async\" class=\"alignleft size-full wp-image-27244\" src=\"https:\/\/www.juliankanz.com\/wp-content\/uploads\/2020\/02\/120-arabische-trommler-hochzeit.jpg\" alt=\"Arabische Trommler Hochzeit\" width=\"900\" height=\"600\" srcset=\"https:\/\/www.juliankanz.com\/wp-content\/uploads\/2020\/02\/120-arabische-trommler-hochzeit.jpg 900w, https:\/\/www.juliankanz.com\/wp-content\/uploads\/2020\/02\/120-arabische-trommler-hochzeit-300x200.jpg 300w, https:\/\/www.juliankanz.com\/wp-content\/uploads\/2020\/02\/120-arabische-trommler-hochzeit-768x512.jpg 768w, https:\/\/www.juliankanz.com\/wp-content\/uploads\/2020\/02\/120-arabische-trommler-hochzeit-30x20.jpg 30w, https:\/\/www.juliankanz.com\/wp-content\/uploads\/2020\/02\/120-arabische-trommler-hochzeit-116x77.jpg 116w, https:\/\/www.juliankanz.com\/wp-content\/uploads\/2020\/02\/120-arabische-trommler-hochzeit-150x100.jpg 150w\" sizes=\"auto, (max-width: 900px) 100vw, 900px\" \/><\/p>\n<p><img loading=\"lazy\" decoding=\"async\" class=\"alignleft size-full wp-image-27245\" src=\"https:\/\/www.juliankanz.com\/wp-content\/uploads\/2020\/02\/121-arabische-trommler-hochzeit.jpg\" alt=\"Arabische Trommler Hochzeit\" width=\"900\" height=\"600\" srcset=\"https:\/\/www.juliankanz.com\/wp-content\/uploads\/2020\/02\/121-arabische-trommler-hochzeit.jpg 900w, https:\/\/www.juliankanz.com\/wp-content\/uploads\/2020\/02\/121-arabische-trommler-hochzeit-300x200.jpg 300w, https:\/\/www.juliankanz.com\/wp-content\/uploads\/2020\/02\/121-arabische-trommler-hochzeit-768x512.jpg 768w, https:\/\/www.juliankanz.com\/wp-content\/uploads\/2020\/02\/121-arabische-trommler-hochzeit-30x20.jpg 30w, https:\/\/www.juliankanz.com\/wp-content\/uploads\/2020\/02\/121-arabische-trommler-hochzeit-116x77.jpg 116w, https:\/\/www.juliankanz.com\/wp-content\/uploads\/2020\/02\/121-arabische-trommler-hochzeit-150x100.jpg 150w\" sizes=\"auto, (max-width: 900px) 100vw, 900px\" \/><\/p>\n<p><img loading=\"lazy\" decoding=\"async\" class=\"alignleft size-full wp-image-27247\" src=\"https:\/\/www.juliankanz.com\/wp-content\/uploads\/2020\/02\/123-arabische-trommler-hochzeit.jpg\" alt=\"Arabische Trommler Hochzeit\" width=\"900\" height=\"600\" srcset=\"https:\/\/www.juliankanz.com\/wp-content\/uploads\/2020\/02\/123-arabische-trommler-hochzeit.jpg 900w, https:\/\/www.juliankanz.com\/wp-content\/uploads\/2020\/02\/123-arabische-trommler-hochzeit-300x200.jpg 300w, https:\/\/www.juliankanz.com\/wp-content\/uploads\/2020\/02\/123-arabische-trommler-hochzeit-768x512.jpg 768w, https:\/\/www.juliankanz.com\/wp-content\/uploads\/2020\/02\/123-arabische-trommler-hochzeit-30x20.jpg 30w, https:\/\/www.juliankanz.com\/wp-content\/uploads\/2020\/02\/123-arabische-trommler-hochzeit-116x77.jpg 116w, https:\/\/www.juliankanz.com\/wp-content\/uploads\/2020\/02\/123-arabische-trommler-hochzeit-150x100.jpg 150w\" sizes=\"auto, (max-width: 900px) 100vw, 900px\" \/><\/p>\n<p><img loading=\"lazy\" decoding=\"async\" class=\"alignleft size-full wp-image-27248\" src=\"https:\/\/www.juliankanz.com\/wp-content\/uploads\/2020\/02\/124-arabische-trommler-hochzeit.jpg\" alt=\"Arabische Trommler Hochzeit\" width=\"900\" height=\"600\" srcset=\"https:\/\/www.juliankanz.com\/wp-content\/uploads\/2020\/02\/124-arabische-trommler-hochzeit.jpg 900w, https:\/\/www.juliankanz.com\/wp-content\/uploads\/2020\/02\/124-arabische-trommler-hochzeit-300x200.jpg 300w, https:\/\/www.juliankanz.com\/wp-content\/uploads\/2020\/02\/124-arabische-trommler-hochzeit-768x512.jpg 768w, https:\/\/www.juliankanz.com\/wp-content\/uploads\/2020\/02\/124-arabische-trommler-hochzeit-30x20.jpg 30w, https:\/\/www.juliankanz.com\/wp-content\/uploads\/2020\/02\/124-arabische-trommler-hochzeit-116x77.jpg 116w, https:\/\/www.juliankanz.com\/wp-content\/uploads\/2020\/02\/124-arabische-trommler-hochzeit-150x100.jpg 150w\" sizes=\"auto, (max-width: 900px) 100vw, 900px\" \/><\/p>\n<p><img loading=\"lazy\" decoding=\"async\" class=\"alignleft size-full wp-image-27250\" src=\"https:\/\/www.juliankanz.com\/wp-content\/uploads\/2020\/02\/126-amazing-wedding-photos-tuscany.jpg\" alt=\"Amazing wedding photos Tuscany\" width=\"900\" height=\"600\" srcset=\"https:\/\/www.juliankanz.com\/wp-content\/uploads\/2020\/02\/126-amazing-wedding-photos-tuscany.jpg 900w, https:\/\/www.juliankanz.com\/wp-content\/uploads\/2020\/02\/126-amazing-wedding-photos-tuscany-300x200.jpg 300w, https:\/\/www.juliankanz.com\/wp-content\/uploads\/2020\/02\/126-amazing-wedding-photos-tuscany-768x512.jpg 768w, https:\/\/www.juliankanz.com\/wp-content\/uploads\/2020\/02\/126-amazing-wedding-photos-tuscany-30x20.jpg 30w, https:\/\/www.juliankanz.com\/wp-content\/uploads\/2020\/02\/126-amazing-wedding-photos-tuscany-116x77.jpg 116w, https:\/\/www.juliankanz.com\/wp-content\/uploads\/2020\/02\/126-amazing-wedding-photos-tuscany-150x100.jpg 150w\" sizes=\"auto, (max-width: 900px) 100vw, 900px\" \/><\/p>\n<p><img loading=\"lazy\" decoding=\"async\" class=\"alignleft size-full wp-image-27253\" src=\"https:\/\/www.juliankanz.com\/wp-content\/uploads\/2020\/02\/129-amazing-wedding-photos-tuscany.jpg\" alt=\"Amazing wedding photos Tuscany\" width=\"900\" height=\"600\" srcset=\"https:\/\/www.juliankanz.com\/wp-content\/uploads\/2020\/02\/129-amazing-wedding-photos-tuscany.jpg 900w, https:\/\/www.juliankanz.com\/wp-content\/uploads\/2020\/02\/129-amazing-wedding-photos-tuscany-300x200.jpg 300w, https:\/\/www.juliankanz.com\/wp-content\/uploads\/2020\/02\/129-amazing-wedding-photos-tuscany-768x512.jpg 768w, https:\/\/www.juliankanz.com\/wp-content\/uploads\/2020\/02\/129-amazing-wedding-photos-tuscany-30x20.jpg 30w, https:\/\/www.juliankanz.com\/wp-content\/uploads\/2020\/02\/129-amazing-wedding-photos-tuscany-116x77.jpg 116w, https:\/\/www.juliankanz.com\/wp-content\/uploads\/2020\/02\/129-amazing-wedding-photos-tuscany-150x100.jpg 150w\" sizes=\"auto, (max-width: 900px) 100vw, 900px\" \/><\/p>\n<p><img loading=\"lazy\" decoding=\"async\" class=\"alignleft size-full wp-image-27255\" src=\"https:\/\/www.juliankanz.com\/wp-content\/uploads\/2020\/02\/131-amazing-wedding-photos-tuscany.jpg\" alt=\"Amazing wedding photos Tuscany\" width=\"900\" height=\"600\" srcset=\"https:\/\/www.juliankanz.com\/wp-content\/uploads\/2020\/02\/131-amazing-wedding-photos-tuscany.jpg 900w, https:\/\/www.juliankanz.com\/wp-content\/uploads\/2020\/02\/131-amazing-wedding-photos-tuscany-300x200.jpg 300w, https:\/\/www.juliankanz.com\/wp-content\/uploads\/2020\/02\/131-amazing-wedding-photos-tuscany-768x512.jpg 768w, https:\/\/www.juliankanz.com\/wp-content\/uploads\/2020\/02\/131-amazing-wedding-photos-tuscany-30x20.jpg 30w, https:\/\/www.juliankanz.com\/wp-content\/uploads\/2020\/02\/131-amazing-wedding-photos-tuscany-116x77.jpg 116w, https:\/\/www.juliankanz.com\/wp-content\/uploads\/2020\/02\/131-amazing-wedding-photos-tuscany-150x100.jpg 150w\" sizes=\"auto, (max-width: 900px) 100vw, 900px\" \/><\/p>\n<p><img loading=\"lazy\" decoding=\"async\" class=\"alignleft size-full wp-image-27257\" src=\"https:\/\/www.juliankanz.com\/wp-content\/uploads\/2020\/02\/133-amazing-wedding-photos-tuscany.jpg\" alt=\"Amazing wedding photos Tuscany\" width=\"900\" height=\"600\" srcset=\"https:\/\/www.juliankanz.com\/wp-content\/uploads\/2020\/02\/133-amazing-wedding-photos-tuscany.jpg 900w, https:\/\/www.juliankanz.com\/wp-content\/uploads\/2020\/02\/133-amazing-wedding-photos-tuscany-300x200.jpg 300w, https:\/\/www.juliankanz.com\/wp-content\/uploads\/2020\/02\/133-amazing-wedding-photos-tuscany-768x512.jpg 768w, https:\/\/www.juliankanz.com\/wp-content\/uploads\/2020\/02\/133-amazing-wedding-photos-tuscany-30x20.jpg 30w, https:\/\/www.juliankanz.com\/wp-content\/uploads\/2020\/02\/133-amazing-wedding-photos-tuscany-116x77.jpg 116w, https:\/\/www.juliankanz.com\/wp-content\/uploads\/2020\/02\/133-amazing-wedding-photos-tuscany-150x100.jpg 150w\" sizes=\"auto, (max-width: 900px) 100vw, 900px\" \/><\/p>\n","protected":false},"excerpt":{"rendered":"<p>Als Hochzeitsfotograf in der Toskana sehe ich viele wirklich sch\u00f6ne und emotionale Hochzeiten und die Hochzeit von Laura und Mo hat alles noch einmal \u00fcbertroffen. Viele Emotionen, eine wundersch\u00f6n romantische Trauung und Arabische Trommler aus Berlin &#8211; es war wirklich alles dabei, was eine gro\u00dfartige Hochzeit haben muss. Geheiratet haben [&hellip;]<\/p>\n","protected":false},"author":4,"featured_media":33325,"comment_status":"open","ping_status":"open","sticky":false,"template":"","format":"standard","meta":{"footnotes":""},"categories":[1128,1096],"tags":[],"class_list":["post-33168","post","type-post","status-publish","format-standard","has-post-thumbnail","hentry","category-hochzeit-fotograf-ligurien","category-hochzeit-fotograf-toskana"],"acf":[],"_links":{"self":[{"href":"https:\/\/www.juliankanz.com\/de\/wp-json\/wp\/v2\/posts\/33168","targetHints":{"allow":["GET"]}}],"collection":[{"href":"https:\/\/www.juliankanz.com\/de\/wp-json\/wp\/v2\/posts"}],"about":[{"href":"https:\/\/www.juliankanz.com\/de\/wp-json\/wp\/v2\/types\/post"}],"author":[{"embeddable":true,"href":"https:\/\/www.juliankanz.com\/de\/wp-json\/wp\/v2\/users\/4"}],"replies":[{"embeddable":true,"href":"https:\/\/www.juliankanz.com\/de\/wp-json\/wp\/v2\/comments?post=33168"}],"version-history":[{"count":1,"href":"https:\/\/www.juliankanz.com\/de\/wp-json\/wp\/v2\/posts\/33168\/revisions"}],"predecessor-version":[{"id":83510,"href":"https:\/\/www.juliankanz.com\/de\/wp-json\/wp\/v2\/posts\/33168\/revisions\/83510"}],"wp:featuredmedia":[{"embeddable":true,"href":"https:\/\/www.juliankanz.com\/de\/wp-json\/wp\/v2\/media\/33325"}],"wp:attachment":[{"href":"https:\/\/www.juliankanz.com\/de\/wp-json\/wp\/v2\/media?parent=33168"}],"wp:term":[{"taxonomy":"category","embeddable":true,"href":"https:\/\/www.juliankanz.com\/de\/wp-json\/wp\/v2\/categories?post=33168"},{"taxonomy":"post_tag","embeddable":true,"href":"https:\/\/www.juliankanz.com\/de\/wp-json\/wp\/v2\/tags?post=33168"}],"curies":[{"name":"wp","href":"https:\/\/api.w.org\/{rel}","templated":true}]}}